{"id":10563,"date":"2019-08-14T10:54:20","date_gmt":"2019-08-14T10:54:20","guid":{"rendered":"https:\/\/escamilla.es\/?p=2719"},"modified":"2022-12-05T13:00:28","modified_gmt":"2022-12-05T13:00:28","slug":"guia-basica-como-alinar-las-aceitunas","status":"publish","type":"post","link":"https:\/\/escamilla.es\/de\/guia-basica-como-alinar-las-aceitunas\/","title":{"rendered":"[Grundlegende Anleitung] Wie bereitet man Oliven zu?"},"content":{"rendered":"<div data-elementor-type=\"wp-post\" data-elementor-id=\"10563\" class=\"elementor elementor-10563\" data-elementor-post-type=\"post\">\n\t\t\t\t\t\t<section class=\"elementor-section elementor-top-section elementor-element elementor-element-ed55283 elementor-section-boxed elementor-section-height-default elementor-section-height-default wd-section-disabled\" data-id=\"ed55283\" data-element_type=\"section\">\n\t\t\t\t\t\t<div class=\"elementor-container elementor-column-gap-default\">\n\t\t\t\t\t<div class=\"elementor-column elementor-col-100 elementor-top-column elementor-element elementor-element-4ced0a2b\" data-id=\"4ced0a2b\" data-element_type=\"column\">\n\t\t\t<div class=\"elementor-widget-wrap elementor-element-populated\">\n\t\t\t\t\t\t<div class=\"elementor-element elementor-element-5abf1ac5 color-scheme-inherit text-left elementor-widget elementor-widget-text-editor\" data-id=\"5abf1ac5\" data-element_type=\"widget\" data-widget_type=\"text-editor.default\">\n\t\t\t\t<div class=\"elementor-widget-container\">\n\t\t\t\t\t\t\t<p><a href=\"https:\/\/escamilla.es\/de\/valor-gastronomico-de-la-aceituna-de-mesa\/\" target=\"_blank\" rel=\"noopener\">Wir kennen die Olive<\/a> als Aperitif oder in Form von \u00d6l zum Garnieren von Salaten, und wir kennen ihren angenehmen Geruch und ihren charakteristischen Geschmack bis ins Detail. Ob gr\u00fcn oder schwarz, Oliven haben einen starken Geschmack, der den Mund f\u00fcllt mit <strong>brisante Nuancen<\/strong> alle Gerichte, die mit dieser mediterranen Frucht gew\u00fcrzt sind.<\/p>\n<p>Aus diesem Grund kann es kompliziert sein, sie zu w\u00fcrzen, da Oliven im Allgemeinen einen bitteren Geschmack haben, der erstens ges\u00fc\u00dft und zweitens mit verschiedenen Gew\u00fcrzen abgeschmeckt werden muss, um ihnen Geschmack zu verleihen.<\/p>\n<p>Dies kann ein langwieriger und schwieriger Prozess sein, aber wir erkl\u00e4ren Ihnen, wie Sie Oliven aus <strong>der beste Weg<\/strong>damit Sie bei dem Versuch nicht scheitern.<\/p>\n<p><span style=\"color: var(--wd-title-color); font-family: var(--wd-title-font); font-size: 24px; font-style: var(--wd-title-font-style); font-weight: var(--wd-title-font-weight); text-transform: var(--wd-title-transform); background-color: var(--wd-main-bgcolor);\">Zutaten f\u00fcr das Olivendressing<\/span><br><\/p>\n<h2><img fetchpriority=\"high\" decoding=\"async\" class=\"wp-image-2723 alignright\" src=\"https:\/\/escamilla.es\/wp-content\/uploads\/2019\/08\/clases-aceitunas-colores-concentrate-300x300.png\" alt=\"\" width=\"385\" height=\"385\"><\/h2>\n<p>Die besten Zutaten f\u00fcr das Dressing von Oliven sind in der Tat, <strong>das Einfachste<\/strong>. Dies sind einige der <strong>am meisten empfohlen<\/strong>Oliven, Salz, Wasser, Knoblauch, Kr\u00e4uter (Thymian, Rosmarin, Oregano, Lorbeer, Fenchel, Minze, Orangenschale), Zwiebel, Paprika, Wei\u00dfweinessig, Wei\u00dfwein, natives Oliven\u00f6l extra, u. a.<\/p>\n<p>Wir k\u00f6nnen auch Chili, Thymian, Koriander oder Ingwer verwenden, die alle auf vielf\u00e4ltige Weise eingesetzt werden k\u00f6nnen. <strong>h\u00e4ngt von den Geschmacksrichtungen ab, die wir sp\u00fcren wollen<\/strong> und ihre Tiefe.<\/p>\n<h2>Wie bereitet man Oliven zu?<\/h2>\n<p>Als erstes m\u00fcssen die Oliven gut gewaschen werden, damit sich keine R\u00fcckst\u00e4nde von au\u00dfen mit der Zubereitung verbinden. Dann m\u00fcssen wir die Oliven f\u00fcr jeweils 15 Tage in einen Beh\u00e4lter mit Wasser legen. Wichtig ist auch, dass <strong>T\u00e4gliches Wechseln des Wassers<\/strong> um sie gut abzusp\u00fclen.<\/p>\n<p>Nach dieser Zeit ist es Zeit, die Oliven zu w\u00fcrzen. Geben Sie alle oder einige der oben genannten Gew\u00fcrze in eine gro\u00dfe Sch\u00fcssel und achten Sie darauf, dass sie die gesamte Schale der Oliven bedecken. Wir f\u00fcgen eine Salzlake (2 Essl\u00f6ffel Salz und 1 Tasse Weinessig auf einen Liter Wasser) und zwei Essl\u00f6ffel Oliven\u00f6l hinzu.<strong> seinen Geschmack zu intensivieren<\/strong>.<\/p>\n<p>Danach m\u00fcssen Sie nur noch geduldig sein und <strong>60 Tage warten<\/strong> um die ganze Olive verzehren zu k\u00f6nnen. Das mag wie eine lange Zeit erscheinen, aber die Wahrheit ist, ehrlich gesagt, <a href=\"https:\/\/escamilla.es\/de\/la-aceituna-de-mesa-en-el-aeropuerto-de-sevilla\/\" target=\"_blank\" rel=\"noopener\">es lohnt sich, zu warten<\/a>.<\/p>\n<p>Dies ist nur eine von Hunderten von M\u00f6glichkeiten, Oliven zuzubereiten. Aber unabh\u00e4ngig von der Methode ist das Ergebnis immer dasselbe: ein paar <strong>leckere Oliven<\/strong>.<\/p>\t\t\t\t\t\t<\/div>\n\t\t\t\t<\/div>\n\t\t\t\t\t<\/div>\n\t\t<\/div>\n\t\t\t\t\t<\/div>\n\t\t<\/section>\n\t\t\t\t<\/div>","protected":false},"excerpt":{"rendered":"<p>Ob gr\u00fcn oder schwarz, Oliven haben einen kr\u00e4ftigen Geschmack, der alle Gerichte, die mit dieser mediterranen Frucht gew\u00fcrzt werden, mit explosiven Nuancen bereichert.<\/p>","protected":false},"author":1,"featured_media":10564,"comment_status":"open","ping_status":"open","sticky":false,"template":"elementor_theme","format":"standard","meta":{"footnotes":""},"categories":[98],"tags":[],"class_list":["post-10563","post","type-post","status-publish","format-standard","has-post-thumbnail","hentry","category-blog"],"yoast_head":"<!-- This site is optimized with the Yoast SEO plugin v23.4 - https:\/\/yoast.com\/wordpress\/plugins\/seo\/ -->\n<title>\u20de \u20de\u25b7[Gu\u00eda b\u00e1sica] \u00bfC\u00f3mo ali\u00f1ar las aceitunas? | Escamilla<\/title>\n<meta name=\"description\" content=\"Verde o negra, las aceitunas cuentas con un sabor fuerte que llenan de explosivos matices todos los platos ali\u00f1ados con esta fruta mediterr\u00e1nea.\" \/>\n<meta name=\"robots\" content=\"index, follow, max-snippet:-1, max-image-preview:large, max-video-preview:-1\" \/>\n<link rel=\"canonical\" href=\"https:\/\/escamilla.es\/de\/guia-basica-como-alinar-las-aceitunas\/\" \/>\n<meta property=\"og:locale\" content=\"de_DE\" \/>\n<meta property=\"og:type\" content=\"article\" \/>\n<meta property=\"og:title\" content=\"\u20de \u20de\u25b7[Gu\u00eda b\u00e1sica] \u00bfC\u00f3mo ali\u00f1ar las aceitunas? | Escamilla\" \/>\n<meta property=\"og:description\" content=\"Verde o negra, las aceitunas cuentas con un sabor fuerte que llenan de explosivos matices todos los platos ali\u00f1ados con esta fruta mediterr\u00e1nea.\" \/>\n<meta property=\"og:url\" content=\"https:\/\/escamilla.es\/de\/guia-basica-como-alinar-las-aceitunas\/\" \/>\n<meta property=\"og:site_name\" content=\"Escamilla\" \/>\n<meta property=\"article:published_time\" content=\"2019-08-14T10:54:20+00:00\" \/>\n<meta property=\"article:modified_time\" content=\"2022-12-05T13:00:28+00:00\" \/>\n<meta property=\"og:image\" content=\"https:\/\/i0.wp.com\/escamilla.es\/wp-content\/uploads\/2019\/08\/clases-aceitunas-colores-concentrate.png?fit=800%2C800&ssl=1\" \/>\n\t<meta property=\"og:image:width\" content=\"800\" \/>\n\t<meta property=\"og:image:height\" content=\"800\" \/>\n\t<meta property=\"og:image:type\" content=\"image\/png\" \/>\n<meta name=\"author\" content=\"@programacion\" \/>\n<meta name=\"twitter:card\" content=\"summary_large_image\" \/>\n<meta name=\"twitter:label1\" content=\"Verfasst von\" \/>\n\t<meta name=\"twitter:data1\" content=\"@programacion\" \/>\n\t<meta name=\"twitter:label2\" content=\"Gesch\u00e4tzte Lesezeit\" \/>\n\t<meta name=\"twitter:data2\" content=\"2\u00a0Minuten\" \/>\n<script type=\"application\/ld+json\" class=\"yoast-schema-graph\">{\"@context\":\"https:\/\/schema.org\",\"@graph\":[{\"@type\":\"Article\",\"@id\":\"https:\/\/escamilla.es\/guia-basica-como-alinar-las-aceitunas\/#article\",\"isPartOf\":{\"@id\":\"https:\/\/escamilla.es\/guia-basica-como-alinar-las-aceitunas\/\"},\"author\":{\"name\":\"@programacion\",\"@id\":\"https:\/\/escamilla.es\/es_es\/#\/schema\/person\/02bb0f020eaecff3f22c205e6ace4e1a\"},\"headline\":\"[Gu\u00eda b\u00e1sica] \u00bfC\u00f3mo ali\u00f1ar las aceitunas?\",\"datePublished\":\"2019-08-14T10:54:20+00:00\",\"dateModified\":\"2022-12-05T13:00:28+00:00\",\"mainEntityOfPage\":{\"@id\":\"https:\/\/escamilla.es\/guia-basica-como-alinar-las-aceitunas\/\"},\"wordCount\":399,\"commentCount\":0,\"publisher\":{\"@id\":\"https:\/\/escamilla.es\/es_es\/#organization\"},\"image\":{\"@id\":\"https:\/\/escamilla.es\/guia-basica-como-alinar-las-aceitunas\/#primaryimage\"},\"thumbnailUrl\":\"https:\/\/escamilla.es\/wp-content\/uploads\/2019\/08\/clases-aceitunas-colores-concentrate.png\",\"articleSection\":[\"Blog\"],\"inLanguage\":\"de\",\"potentialAction\":[{\"@type\":\"CommentAction\",\"name\":\"Comment\",\"target\":[\"https:\/\/escamilla.es\/guia-basica-como-alinar-las-aceitunas\/#respond\"]}]},{\"@type\":\"WebPage\",\"@id\":\"https:\/\/escamilla.es\/guia-basica-como-alinar-las-aceitunas\/\",\"url\":\"https:\/\/escamilla.es\/guia-basica-como-alinar-las-aceitunas\/\",\"name\":\"\u20de \u20de\u25b7[Gu\u00eda b\u00e1sica] \u00bfC\u00f3mo ali\u00f1ar las aceitunas? | Escamilla\",\"isPartOf\":{\"@id\":\"https:\/\/escamilla.es\/es_es\/#website\"},\"primaryImageOfPage\":{\"@id\":\"https:\/\/escamilla.es\/guia-basica-como-alinar-las-aceitunas\/#primaryimage\"},\"image\":{\"@id\":\"https:\/\/escamilla.es\/guia-basica-como-alinar-las-aceitunas\/#primaryimage\"},\"thumbnailUrl\":\"https:\/\/escamilla.es\/wp-content\/uploads\/2019\/08\/clases-aceitunas-colores-concentrate.png\",\"datePublished\":\"2019-08-14T10:54:20+00:00\",\"dateModified\":\"2022-12-05T13:00:28+00:00\",\"description\":\"Verde o negra, las aceitunas cuentas con un sabor fuerte que llenan de explosivos matices todos los platos ali\u00f1ados con esta fruta mediterr\u00e1nea.\",\"breadcrumb\":{\"@id\":\"https:\/\/escamilla.es\/guia-basica-como-alinar-las-aceitunas\/#breadcrumb\"},\"inLanguage\":\"de\",\"potentialAction\":[{\"@type\":\"ReadAction\",\"target\":[\"https:\/\/escamilla.es\/guia-basica-como-alinar-las-aceitunas\/\"]}]},{\"@type\":\"ImageObject\",\"inLanguage\":\"de\",\"@id\":\"https:\/\/escamilla.es\/guia-basica-como-alinar-las-aceitunas\/#primaryimage\",\"url\":\"https:\/\/escamilla.es\/wp-content\/uploads\/2019\/08\/clases-aceitunas-colores-concentrate.png\",\"contentUrl\":\"https:\/\/escamilla.es\/wp-content\/uploads\/2019\/08\/clases-aceitunas-colores-concentrate.png\",\"width\":800,\"height\":800},{\"@type\":\"BreadcrumbList\",\"@id\":\"https:\/\/escamilla.es\/guia-basica-como-alinar-las-aceitunas\/#breadcrumb\",\"itemListElement\":[{\"@type\":\"ListItem\",\"position\":1,\"name\":\"Portada\",\"item\":\"https:\/\/escamilla.es\/es_es\/\"},{\"@type\":\"ListItem\",\"position\":2,\"name\":\"Blog\",\"item\":\"https:\/\/escamilla.es\/es_es\/category\/blog\/\"},{\"@type\":\"ListItem\",\"position\":3,\"name\":\"[Gu\u00eda b\u00e1sica] \u00bfC\u00f3mo ali\u00f1ar las aceitunas?\"}]},{\"@type\":\"WebSite\",\"@id\":\"https:\/\/escamilla.es\/es_es\/#website\",\"url\":\"https:\/\/escamilla.es\/es_es\/\",\"name\":\"Escamilla\",\"description\":\"\",\"publisher\":{\"@id\":\"https:\/\/escamilla.es\/es_es\/#organization\"},\"potentialAction\":[{\"@type\":\"SearchAction\",\"target\":{\"@type\":\"EntryPoint\",\"urlTemplate\":\"https:\/\/escamilla.es\/es_es\/?s={search_term_string}\"},\"query-input\":{\"@type\":\"PropertyValueSpecification\",\"valueRequired\":true,\"valueName\":\"search_term_string\"}}],\"inLanguage\":\"de\"},{\"@type\":\"Organization\",\"@id\":\"https:\/\/escamilla.es\/es_es\/#organization\",\"name\":\"Escamilla\",\"url\":\"https:\/\/escamilla.es\/es_es\/\",\"logo\":{\"@type\":\"ImageObject\",\"inLanguage\":\"de\",\"@id\":\"https:\/\/escamilla.es\/es_es\/#\/schema\/logo\/image\/\",\"url\":\"https:\/\/escamilla.es\/wp-content\/uploads\/2022\/03\/admin-ajax.jpg\",\"contentUrl\":\"https:\/\/escamilla.es\/wp-content\/uploads\/2022\/03\/admin-ajax.jpg\",\"width\":100,\"height\":26,\"caption\":\"Escamilla\"},\"image\":{\"@id\":\"https:\/\/escamilla.es\/es_es\/#\/schema\/logo\/image\/\"}},{\"@type\":\"Person\",\"@id\":\"https:\/\/escamilla.es\/es_es\/#\/schema\/person\/02bb0f020eaecff3f22c205e6ace4e1a\",\"name\":\"@programacion\",\"image\":{\"@type\":\"ImageObject\",\"inLanguage\":\"de\",\"@id\":\"https:\/\/escamilla.es\/es_es\/#\/schema\/person\/image\/\",\"url\":\"https:\/\/secure.gravatar.com\/avatar\/a5806cb0617e875b9acc82fba89175169764be9cad8d28cdf9bb50b34f9ceadd?s=96&d=mm&r=g\",\"contentUrl\":\"https:\/\/secure.gravatar.com\/avatar\/a5806cb0617e875b9acc82fba89175169764be9cad8d28cdf9bb50b34f9ceadd?s=96&d=mm&r=g\",\"caption\":\"@programacion\"},\"sameAs\":[\"https:\/\/tienda.escamilla.es\"],\"url\":\"https:\/\/escamilla.es\/de\/author\/programacion\/\"}]}<\/script>\n<!-- \/ Yoast SEO plugin. -->","yoast_head_json":{"title":"\u20de \u20de\u25b7[Gu\u00eda b\u00e1sica] \u00bfC\u00f3mo ali\u00f1ar las aceitunas? | Escamilla","description":"Verde o negra, las aceitunas cuentas con un sabor fuerte que llenan de explosivos matices todos los platos ali\u00f1ados con esta fruta mediterr\u00e1nea.","robots":{"index":"index","follow":"follow","max-snippet":"max-snippet:-1","max-image-preview":"max-image-preview:large","max-video-preview":"max-video-preview:-1"},"canonical":"https:\/\/escamilla.es\/de\/guia-basica-como-alinar-las-aceitunas\/","og_locale":"de_DE","og_type":"article","og_title":"\u20de \u20de\u25b7[Gu\u00eda b\u00e1sica] \u00bfC\u00f3mo ali\u00f1ar las aceitunas? | Escamilla","og_description":"Verde o negra, las aceitunas cuentas con un sabor fuerte que llenan de explosivos matices todos los platos ali\u00f1ados con esta fruta mediterr\u00e1nea.","og_url":"https:\/\/escamilla.es\/de\/guia-basica-como-alinar-las-aceitunas\/","og_site_name":"Escamilla","article_published_time":"2019-08-14T10:54:20+00:00","article_modified_time":"2022-12-05T13:00:28+00:00","og_image":[{"width":800,"height":800,"url":"https:\/\/i0.wp.com\/escamilla.es\/wp-content\/uploads\/2019\/08\/clases-aceitunas-colores-concentrate.png?fit=800%2C800&ssl=1","type":"image\/png"}],"author":"@programacion","twitter_card":"summary_large_image","twitter_misc":{"Verfasst von":"@programacion","Gesch\u00e4tzte Lesezeit":"2\u00a0Minuten"},"schema":{"@context":"https:\/\/schema.org","@graph":[{"@type":"Article","@id":"https:\/\/escamilla.es\/guia-basica-como-alinar-las-aceitunas\/#article","isPartOf":{"@id":"https:\/\/escamilla.es\/guia-basica-como-alinar-las-aceitunas\/"},"author":{"name":"@programacion","@id":"https:\/\/escamilla.es\/es_es\/#\/schema\/person\/02bb0f020eaecff3f22c205e6ace4e1a"},"headline":"[Gu\u00eda b\u00e1sica] \u00bfC\u00f3mo ali\u00f1ar las aceitunas?","datePublished":"2019-08-14T10:54:20+00:00","dateModified":"2022-12-05T13:00:28+00:00","mainEntityOfPage":{"@id":"https:\/\/escamilla.es\/guia-basica-como-alinar-las-aceitunas\/"},"wordCount":399,"commentCount":0,"publisher":{"@id":"https:\/\/escamilla.es\/es_es\/#organization"},"image":{"@id":"https:\/\/escamilla.es\/guia-basica-como-alinar-las-aceitunas\/#primaryimage"},"thumbnailUrl":"https:\/\/escamilla.es\/wp-content\/uploads\/2019\/08\/clases-aceitunas-colores-concentrate.png","articleSection":["Blog"],"inLanguage":"de","potentialAction":[{"@type":"CommentAction","name":"Comment","target":["https:\/\/escamilla.es\/guia-basica-como-alinar-las-aceitunas\/#respond"]}]},{"@type":"WebPage","@id":"https:\/\/escamilla.es\/guia-basica-como-alinar-las-aceitunas\/","url":"https:\/\/escamilla.es\/guia-basica-como-alinar-las-aceitunas\/","name":"\u20de \u20de\u25b7[Gu\u00eda b\u00e1sica] \u00bfC\u00f3mo ali\u00f1ar las aceitunas? | Escamilla","isPartOf":{"@id":"https:\/\/escamilla.es\/es_es\/#website"},"primaryImageOfPage":{"@id":"https:\/\/escamilla.es\/guia-basica-como-alinar-las-aceitunas\/#primaryimage"},"image":{"@id":"https:\/\/escamilla.es\/guia-basica-como-alinar-las-aceitunas\/#primaryimage"},"thumbnailUrl":"https:\/\/escamilla.es\/wp-content\/uploads\/2019\/08\/clases-aceitunas-colores-concentrate.png","datePublished":"2019-08-14T10:54:20+00:00","dateModified":"2022-12-05T13:00:28+00:00","description":"Verde o negra, las aceitunas cuentas con un sabor fuerte que llenan de explosivos matices todos los platos ali\u00f1ados con esta fruta mediterr\u00e1nea.","breadcrumb":{"@id":"https:\/\/escamilla.es\/guia-basica-como-alinar-las-aceitunas\/#breadcrumb"},"inLanguage":"de","potentialAction":[{"@type":"ReadAction","target":["https:\/\/escamilla.es\/guia-basica-como-alinar-las-aceitunas\/"]}]},{"@type":"ImageObject","inLanguage":"de","@id":"https:\/\/escamilla.es\/guia-basica-como-alinar-las-aceitunas\/#primaryimage","url":"https:\/\/escamilla.es\/wp-content\/uploads\/2019\/08\/clases-aceitunas-colores-concentrate.png","contentUrl":"https:\/\/escamilla.es\/wp-content\/uploads\/2019\/08\/clases-aceitunas-colores-concentrate.png","width":800,"height":800},{"@type":"BreadcrumbList","@id":"https:\/\/escamilla.es\/guia-basica-como-alinar-las-aceitunas\/#breadcrumb","itemListElement":[{"@type":"ListItem","position":1,"name":"Portada","item":"https:\/\/escamilla.es\/es_es\/"},{"@type":"ListItem","position":2,"name":"Blog","item":"https:\/\/escamilla.es\/es_es\/category\/blog\/"},{"@type":"ListItem","position":3,"name":"[Gu\u00eda b\u00e1sica] \u00bfC\u00f3mo ali\u00f1ar las aceitunas?"}]},{"@type":"WebSite","@id":"https:\/\/escamilla.es\/es_es\/#website","url":"https:\/\/escamilla.es\/es_es\/","name":"Escamilla","description":"","publisher":{"@id":"https:\/\/escamilla.es\/es_es\/#organization"},"potentialAction":[{"@type":"SearchAction","target":{"@type":"EntryPoint","urlTemplate":"https:\/\/escamilla.es\/es_es\/?s={search_term_string}"},"query-input":{"@type":"PropertyValueSpecification","valueRequired":true,"valueName":"search_term_string"}}],"inLanguage":"de"},{"@type":"Organization","@id":"https:\/\/escamilla.es\/es_es\/#organization","name":"Escamilla","url":"https:\/\/escamilla.es\/es_es\/","logo":{"@type":"ImageObject","inLanguage":"de","@id":"https:\/\/escamilla.es\/es_es\/#\/schema\/logo\/image\/","url":"https:\/\/escamilla.es\/wp-content\/uploads\/2022\/03\/admin-ajax.jpg","contentUrl":"https:\/\/escamilla.es\/wp-content\/uploads\/2022\/03\/admin-ajax.jpg","width":100,"height":26,"caption":"Escamilla"},"image":{"@id":"https:\/\/escamilla.es\/es_es\/#\/schema\/logo\/image\/"}},{"@type":"Person","@id":"https:\/\/escamilla.es\/es_es\/#\/schema\/person\/02bb0f020eaecff3f22c205e6ace4e1a","name":"@programacion","image":{"@type":"ImageObject","inLanguage":"de","@id":"https:\/\/escamilla.es\/es_es\/#\/schema\/person\/image\/","url":"https:\/\/secure.gravatar.com\/avatar\/a5806cb0617e875b9acc82fba89175169764be9cad8d28cdf9bb50b34f9ceadd?s=96&d=mm&r=g","contentUrl":"https:\/\/secure.gravatar.com\/avatar\/a5806cb0617e875b9acc82fba89175169764be9cad8d28cdf9bb50b34f9ceadd?s=96&d=mm&r=g","caption":"@programacion"},"sameAs":["https:\/\/tienda.escamilla.es"],"url":"https:\/\/escamilla.es\/de\/author\/programacion\/"}]}},"jetpack_featured_media_url":"https:\/\/escamilla.es\/wp-content\/uploads\/2019\/08\/clases-aceitunas-colores-concentrate.png","_links":{"self":[{"href":"https:\/\/escamilla.es\/de\/wp-json\/wp\/v2\/posts\/10563","targetHints":{"allow":["GET"]}}],"collection":[{"href":"https:\/\/escamilla.es\/de\/wp-json\/wp\/v2\/posts"}],"about":[{"href":"https:\/\/escamilla.es\/de\/wp-json\/wp\/v2\/types\/post"}],"author":[{"embeddable":true,"href":"https:\/\/escamilla.es\/de\/wp-json\/wp\/v2\/users\/1"}],"replies":[{"embeddable":true,"href":"https:\/\/escamilla.es\/de\/wp-json\/wp\/v2\/comments?post=10563"}],"version-history":[{"count":4,"href":"https:\/\/escamilla.es\/de\/wp-json\/wp\/v2\/posts\/10563\/revisions"}],"predecessor-version":[{"id":11787,"href":"https:\/\/escamilla.es\/de\/wp-json\/wp\/v2\/posts\/10563\/revisions\/11787"}],"wp:featuredmedia":[{"embeddable":true,"href":"https:\/\/escamilla.es\/de\/wp-json\/wp\/v2\/media\/10564"}],"wp:attachment":[{"href":"https:\/\/escamilla.es\/de\/wp-json\/wp\/v2\/media?parent=10563"}],"wp:term":[{"taxonomy":"category","embeddable":true,"href":"https:\/\/escamilla.es\/de\/wp-json\/wp\/v2\/categories?post=10563"},{"taxonomy":"post_tag","embeddable":true,"href":"https:\/\/escamilla.es\/de\/wp-json\/wp\/v2\/tags?post=10563"}],"curies":[{"name":"wp","href":"https:\/\/api.w.org\/{rel}","templated":true}]}}