{"id":10573,"date":"2019-06-26T08:49:54","date_gmt":"2019-06-26T08:49:54","guid":{"rendered":"https:\/\/escamilla.es\/?p=2651"},"modified":"2022-12-12T10:35:37","modified_gmt":"2022-12-12T10:35:37","slug":"proveedores-aceitunas-por-mayor","status":"publish","type":"post","link":"https:\/\/escamilla.es\/de\/proveedores-aceitunas-por-mayor\/","title":{"rendered":"Gro\u00dfhandelslieferanten von Oliven"},"content":{"rendered":"<div data-elementor-type=\"wp-post\" data-elementor-id=\"10573\" class=\"elementor elementor-10573\" data-elementor-post-type=\"post\">\n\t\t\t\t\t\t<section class=\"elementor-section elementor-top-section elementor-element elementor-element-3d5f312 elementor-section-boxed elementor-section-height-default elementor-section-height-default wd-section-disabled\" data-id=\"3d5f312\" data-element_type=\"section\">\n\t\t\t\t\t\t<div class=\"elementor-container elementor-column-gap-default\">\n\t\t\t\t\t<div class=\"elementor-column elementor-col-100 elementor-top-column elementor-element elementor-element-16828f9f\" data-id=\"16828f9f\" data-element_type=\"column\">\n\t\t\t<div class=\"elementor-widget-wrap elementor-element-populated\">\n\t\t\t\t\t\t<div class=\"elementor-element elementor-element-8e46d95 color-scheme-inherit text-left elementor-widget elementor-widget-text-editor\" data-id=\"8e46d95\" data-element_type=\"widget\" data-widget_type=\"text-editor.default\">\n\t\t\t\t<div class=\"elementor-widget-container\">\n\t\t\t\t\t\t\t<p>M\u00f6chten Sie unsere k\u00f6stlichen Escamilla-Oliven in Ihre Produkte einbauen? <strong>Ihr Unternehmen<\/strong>Wussten Sie, dass wir ein Gro\u00dfhandelslieferant f\u00fcr Oliven sind? Wenn Sie auf der Suche sind nach <a href=\"https:\/\/escamilla.es\/de\/recoleccion-de-aceitunas\/\" target=\"_blank\" rel=\"noopener\">die besten Oliven, die wir hier haben<\/a>. Wir sind uns der Leidenschaft bewusst, die f\u00fcr Oliven besteht, weshalb wir unser Produkt mit gr\u00f6\u00dfter Sorgfalt behandeln.<\/p><p>Wir haben eine <a href=\"https:\/\/escamilla.es\/de\/aceitunas-de-mesa\/\" target=\"_blank\" rel=\"noopener\">eine breite Palette von Produkten<\/a>Kennen Sie die verschiedenen Olivensorten, die es gibt?<\/p><h2>Olivensorten<\/h2><p>Wir werden Ihnen nun einige Olivensorten vorstellen:<\/p><p>Die <a href=\"https:\/\/es.wikipedia.org\/wiki\/Gordal\" target=\"_blank\" rel=\"noopener\">Gordal-Oliven<\/a> Es handelt sich um eine Tafelolive mit einem durchschnittlichen Gewicht von 12 Gramm pro Frucht. Sie ist eine gro\u00dfe Olive und hat einen guten Geschmack. Sie wird haupts\u00e4chlich in Andalusien angebaut. Es gibt 3 Arten von Oliven:<\/p><ul><li>Gordal de Sevilla<\/li><li>Gordal de Granada<\/li><li>Gordal de Hell\u00edn<\/li><\/ul>\t\t\t\t\t\t<\/div>\n\t\t\t\t<\/div>\n\t\t\t\t\t<\/div>\n\t\t<\/div>\n\t\t\t\t\t<\/div>\n\t\t<\/section>\n\t\t<div class=\"elementor-element elementor-element-f49a671 e-flex e-con-boxed e-con e-parent\" data-id=\"f49a671\" data-element_type=\"container\">\n\t\t\t\t\t<div class=\"e-con-inner\">\n\t\t\t\t<div class=\"elementor-element elementor-element-8d66be2 elementor-widget-divider--view-line elementor-widget elementor-widget-divider\" data-id=\"8d66be2\" data-element_type=\"widget\" data-widget_type=\"divider.default\">\n\t\t\t\t<div class=\"elementor-widget-container\">\n\t\t\t\t\t<div class=\"elementor-divider\">\n\t\t\t<span class=\"elementor-divider-separator\">\n\t\t\t\t\t\t<\/span>\n\t\t<\/div>\n\t\t\t\t<\/div>\n\t\t\t\t<\/div>\n\t\t\t\t\t<\/div>\n\t\t\t\t<\/div>\n\t\t<div class=\"elementor-element elementor-element-7f1375f e-flex e-con-boxed e-con e-parent\" data-id=\"7f1375f\" data-element_type=\"container\" data-settings=\"{&quot;background_background&quot;:&quot;classic&quot;}\">\n\t\t\t\t\t<div class=\"e-con-inner\">\n\t\t<div class=\"elementor-element elementor-element-108658d e-con-full e-flex e-con e-child\" data-id=\"108658d\" data-element_type=\"container\">\n\t\t\t\t<div class=\"elementor-element elementor-element-13b8e46 color-scheme-light text-left elementor-widget elementor-widget-text-editor\" data-id=\"13b8e46\" data-element_type=\"widget\" data-widget_type=\"text-editor.default\">\n\t\t\t\t<div class=\"elementor-widget-container\">\n\t\t\t\t\t\t\t<h3>\u00a0<\/h3><h3>Hojiblanca<\/h3><p>Ihr Name bezieht sich auf die helle Farbe ihrer Bl\u00e4tter. Diese Olivensorte wird in C\u00f3rdoba, Sevilla und M\u00e1laga angebaut. Sie ergibt ein \u00d6l mit Noten von Apfel und Banane, sehr s\u00fc\u00df und aromatisch.<\/p><p>\u00a0<\/p>\t\t\t\t\t\t<\/div>\n\t\t\t\t<\/div>\n\t\t\t\t<\/div>\n\t\t<div class=\"elementor-element elementor-element-a389af9 e-con-full e-flex e-con e-child\" data-id=\"a389af9\" data-element_type=\"container\">\n\t\t\t\t<div class=\"elementor-element elementor-element-fab7825 elementor-widget elementor-widget-image\" data-id=\"fab7825\" data-element_type=\"widget\" data-widget_type=\"image.default\">\n\t\t\t\t<div class=\"elementor-widget-container\">\n\t\t\t\t\t\t\t\t\t\t\t\t\t<img fetchpriority=\"high\" decoding=\"async\" width=\"400\" height=\"274\" src=\"https:\/\/escamilla.es\/wp-content\/uploads\/2022\/12\/hojiblanca-400x274.jpg\" class=\"attachment-medium size-medium wp-image-11800\" alt=\"\" srcset=\"https:\/\/escamilla.es\/wp-content\/uploads\/2022\/12\/hojiblanca-400x274.jpg 400w, https:\/\/escamilla.es\/wp-content\/uploads\/2022\/12\/hojiblanca-430x295.jpg 430w, https:\/\/escamilla.es\/wp-content\/uploads\/2022\/12\/hojiblanca-150x103.jpg 150w, https:\/\/escamilla.es\/wp-content\/uploads\/2022\/12\/hojiblanca.jpg 657w\" sizes=\"(max-width: 400px) 100vw, 400px\" \/>\t\t\t\t\t\t\t\t\t\t\t\t\t<\/div>\n\t\t\t\t<\/div>\n\t\t\t\t<\/div>\n\t\t\t\t\t<\/div>\n\t\t\t\t<\/div>\n\t\t<div class=\"elementor-element elementor-element-7c1ed87 e-flex e-con-boxed e-con e-parent\" data-id=\"7c1ed87\" data-element_type=\"container\">\n\t\t\t\t\t<div class=\"e-con-inner\">\n\t\t\t\t<div class=\"elementor-element elementor-element-aa627b8 elementor-widget-divider--view-line elementor-widget elementor-widget-divider\" data-id=\"aa627b8\" data-element_type=\"widget\" data-widget_type=\"divider.default\">\n\t\t\t\t<div class=\"elementor-widget-container\">\n\t\t\t\t\t<div class=\"elementor-divider\">\n\t\t\t<span class=\"elementor-divider-separator\">\n\t\t\t\t\t\t<\/span>\n\t\t<\/div>\n\t\t\t\t<\/div>\n\t\t\t\t<\/div>\n\t\t\t\t\t<\/div>\n\t\t\t\t<\/div>\n\t\t<div class=\"elementor-element elementor-element-e2d3efd e-flex e-con-boxed e-con e-parent\" data-id=\"e2d3efd\" data-element_type=\"container\" data-settings=\"{&quot;background_background&quot;:&quot;classic&quot;}\">\n\t\t\t\t\t<div class=\"e-con-inner\">\n\t\t<div class=\"elementor-element elementor-element-d7acec9 e-con-full e-flex e-con e-child\" data-id=\"d7acec9\" data-element_type=\"container\">\n\t\t\t\t<div class=\"elementor-element elementor-element-fddf159 color-scheme-inherit text-left elementor-widget elementor-widget-text-editor\" data-id=\"fddf159\" data-element_type=\"widget\" data-widget_type=\"text-editor.default\">\n\t\t\t\t<div class=\"elementor-widget-container\">\n\t\t\t\t\t\t\t<h3>\u00a0<\/h3><h3>Manzanilla sevillana<\/h3><p>Sie wird haupts\u00e4chlich in Sevilla angebaut. Sie wird als Tafelolive verwendet und ist international bekannt, so dass es nicht verwunderlich ist, dass sie auch in Israel, Australien, Argentinien und den Vereinigten Staaten angebaut wird.<\/p>\t\t\t\t\t\t<\/div>\n\t\t\t\t<\/div>\n\t\t\t\t<\/div>\n\t\t<div class=\"elementor-element elementor-element-61c7929 e-con-full e-flex e-con e-child\" data-id=\"61c7929\" data-element_type=\"container\">\n\t\t\t\t<div class=\"elementor-element elementor-element-18aa0d0 elementor-widget elementor-widget-image\" data-id=\"18aa0d0\" data-element_type=\"widget\" data-widget_type=\"image.default\">\n\t\t\t\t<div class=\"elementor-widget-container\">\n\t\t\t\t\t\t\t\t\t\t\t\t\t<img decoding=\"async\" width=\"400\" height=\"236\" src=\"https:\/\/escamilla.es\/wp-content\/uploads\/2022\/12\/Manzanilla-sevillana-400x236.jpg\" class=\"attachment-medium size-medium wp-image-11804\" alt=\"\" srcset=\"https:\/\/escamilla.es\/wp-content\/uploads\/2022\/12\/Manzanilla-sevillana-400x236.jpg 400w, https:\/\/escamilla.es\/wp-content\/uploads\/2022\/12\/Manzanilla-sevillana-768x453.jpg 768w, https:\/\/escamilla.es\/wp-content\/uploads\/2022\/12\/Manzanilla-sevillana-860x507.jpg 860w, https:\/\/escamilla.es\/wp-content\/uploads\/2022\/12\/Manzanilla-sevillana-430x253.jpg 430w, https:\/\/escamilla.es\/wp-content\/uploads\/2022\/12\/Manzanilla-sevillana-700x412.jpg 700w, https:\/\/escamilla.es\/wp-content\/uploads\/2022\/12\/Manzanilla-sevillana-150x88.jpg 150w, https:\/\/escamilla.es\/wp-content\/uploads\/2022\/12\/Manzanilla-sevillana.jpg 930w\" sizes=\"(max-width: 400px) 100vw, 400px\" \/>\t\t\t\t\t\t\t\t\t\t\t\t\t<\/div>\n\t\t\t\t<\/div>\n\t\t\t\t<\/div>\n\t\t\t\t\t<\/div>\n\t\t\t\t<\/div>\n\t\t<div class=\"elementor-element elementor-element-2910b37 e-flex e-con-boxed e-con e-parent\" data-id=\"2910b37\" data-element_type=\"container\">\n\t\t\t\t\t<div class=\"e-con-inner\">\n\t\t\t\t<div class=\"elementor-element elementor-element-82e6a24 elementor-widget-divider--view-line elementor-widget elementor-widget-divider\" data-id=\"82e6a24\" data-element_type=\"widget\" data-widget_type=\"divider.default\">\n\t\t\t\t<div class=\"elementor-widget-container\">\n\t\t\t\t\t<div class=\"elementor-divider\">\n\t\t\t<span class=\"elementor-divider-separator\">\n\t\t\t\t\t\t<\/span>\n\t\t<\/div>\n\t\t\t\t<\/div>\n\t\t\t\t<\/div>\n\t\t\t\t\t<\/div>\n\t\t\t\t<\/div>\n\t\t<div class=\"elementor-element elementor-element-596eadc e-flex e-con-boxed e-con e-parent\" data-id=\"596eadc\" data-element_type=\"container\" data-settings=\"{&quot;background_background&quot;:&quot;classic&quot;}\">\n\t\t\t\t\t<div class=\"e-con-inner\">\n\t\t<div class=\"elementor-element elementor-element-232a156 e-con-full e-flex e-con e-child\" data-id=\"232a156\" data-element_type=\"container\">\n\t\t\t\t<div class=\"elementor-element elementor-element-13f774d color-scheme-light text-left elementor-widget elementor-widget-text-editor\" data-id=\"13f774d\" data-element_type=\"widget\" data-widget_type=\"text-editor.default\">\n\t\t\t\t<div class=\"elementor-widget-container\">\n\t\t\t\t\t\t\t<h3>\u00a0<\/h3><h3>Verdial<\/h3><p>Diese Olivensorte wird haupts\u00e4chlich in Spanien, in den Regionen Andalusien und Extremadura, angebaut. Sie sind l\u00e4nglich und wiegen etwa 7 Gramm. Sie k\u00f6nnen sowohl f\u00fcr die Herstellung von Oliven\u00f6l als auch f\u00fcr Tafeloliven verwendet werden. Kennen Sie alle diese Olivensorten?<\/p>\t\t\t\t\t\t<\/div>\n\t\t\t\t<\/div>\n\t\t\t\t<\/div>\n\t\t<div class=\"elementor-element elementor-element-4ba808f e-con-full e-flex e-con e-child\" data-id=\"4ba808f\" data-element_type=\"container\">\n\t\t\t\t<div class=\"elementor-element elementor-element-fef8974 elementor-widget elementor-widget-image\" data-id=\"fef8974\" data-element_type=\"widget\" data-widget_type=\"image.default\">\n\t\t\t\t<div class=\"elementor-widget-container\">\n\t\t\t\t\t\t\t\t\t\t\t\t\t<img decoding=\"async\" width=\"400\" height=\"267\" src=\"https:\/\/escamilla.es\/wp-content\/uploads\/2022\/12\/aceituna-verdial-axarquia-1-400x267.jpg\" class=\"attachment-medium size-medium wp-image-11808\" alt=\"\" srcset=\"https:\/\/escamilla.es\/wp-content\/uploads\/2022\/12\/aceituna-verdial-axarquia-1-400x267.jpg 400w, https:\/\/escamilla.es\/wp-content\/uploads\/2022\/12\/aceituna-verdial-axarquia-1-768x512.jpg 768w, https:\/\/escamilla.es\/wp-content\/uploads\/2022\/12\/aceituna-verdial-axarquia-1-860x574.jpg 860w, https:\/\/escamilla.es\/wp-content\/uploads\/2022\/12\/aceituna-verdial-axarquia-1-430x287.jpg 430w, https:\/\/escamilla.es\/wp-content\/uploads\/2022\/12\/aceituna-verdial-axarquia-1-700x467.jpg 700w, https:\/\/escamilla.es\/wp-content\/uploads\/2022\/12\/aceituna-verdial-axarquia-1-150x100.jpg 150w, https:\/\/escamilla.es\/wp-content\/uploads\/2022\/12\/aceituna-verdial-axarquia-1.jpg 1000w\" sizes=\"(max-width: 400px) 100vw, 400px\" \/>\t\t\t\t\t\t\t\t\t\t\t\t\t<\/div>\n\t\t\t\t<\/div>\n\t\t\t\t<\/div>\n\t\t\t\t\t<\/div>\n\t\t\t\t<\/div>\n\t\t<div class=\"elementor-element elementor-element-2ceda0e e-flex e-con-boxed e-con e-parent\" data-id=\"2ceda0e\" data-element_type=\"container\">\n\t\t\t\t\t<div class=\"e-con-inner\">\n\t\t\t\t<div class=\"elementor-element elementor-element-c165647 elementor-widget-divider--view-line elementor-widget elementor-widget-divider\" data-id=\"c165647\" data-element_type=\"widget\" data-widget_type=\"divider.default\">\n\t\t\t\t<div class=\"elementor-widget-container\">\n\t\t\t\t\t<div class=\"elementor-divider\">\n\t\t\t<span class=\"elementor-divider-separator\">\n\t\t\t\t\t\t<\/span>\n\t\t<\/div>\n\t\t\t\t<\/div>\n\t\t\t\t<\/div>\n\t\t\t\t\t<\/div>\n\t\t\t\t<\/div>\n\t\t<div class=\"elementor-element elementor-element-20af0f9 e-flex e-con-boxed e-con e-parent\" data-id=\"20af0f9\" data-element_type=\"container\">\n\t\t\t\t\t<div class=\"e-con-inner\">\n\t\t\t\t<div class=\"elementor-element elementor-element-1bc2076 color-scheme-inherit text-left elementor-widget elementor-widget-text-editor\" data-id=\"1bc2076\" data-element_type=\"widget\" data-widget_type=\"text-editor.default\">\n\t\t\t\t<div class=\"elementor-widget-container\">\n\t\t\t\t\t\t\t<h2>Wir sind Lieferanten von Oliven im Gro\u00dfhandel<\/h2><p>Es ist sehr wichtig, dass Sie in Ihrem Gesch\u00e4ft Qualit\u00e4tsoliven haben, damit Ihre Kunden zufrieden sind, wenn Sie sie servieren. Oliven sind der erste Eindruck, den ein Kunde in Ihrer Bar oder Ihrem Restaurant gewinnt. Deshalb ist es wichtig, dass Sie Lieferanten f\u00fcr Qualit\u00e4tsoliven im Gro\u00dfhandel haben.<\/p><p><a href=\"https:\/\/escamilla.es\/de\/distribuidores-aceitunas-embutidos\/\" target=\"_blank\" rel=\"noopener\">Wir haben verschiedene Formate und Verpackungen f\u00fcr das Hotel- und Gastst\u00e4ttengewerbe<\/a>. Bequem und praktisch, um unsere Oliven in Ihrem Gesch\u00e4ft gl\u00e4nzen zu lassen.<\/p><p>\u00a0<\/p><p>Kontaktieren Sie uns!<\/p>\t\t\t\t\t\t<\/div>\n\t\t\t\t<\/div>\n\t\t\t\t\t<\/div>\n\t\t\t\t<\/div>\n\t\t\t\t<\/div>","protected":false},"excerpt":{"rendered":"<p>Wir von Aceitunas Escamilla sind Lieferanten von Gro\u00dfhandelsoliven. Wenn Sie diese in Ihr Unternehmen integrieren m\u00f6chten, nehmen Sie bitte Kontakt mit uns auf. <\/p>","protected":false},"author":1,"featured_media":10574,"comment_status":"open","ping_status":"open","sticky":false,"template":"elementor_theme","format":"standard","meta":{"footnotes":""},"categories":[98],"tags":[],"class_list":["post-10573","post","type-post","status-publish","format-standard","has-post-thumbnail","hentry","category-blog"],"yoast_head":"<!-- This site is optimized with the Yoast SEO plugin v23.4 - https:\/\/yoast.com\/wordpress\/plugins\/seo\/ -->\n<title>Proveedores de aceitunas al por mayor - Escamilla<\/title>\n<meta name=\"description\" content=\"\u00bfSabes que somos proveedores de aceitunas al por mayor? Si quieres incorporar nuestras Aceitunas Escamilla a tu negocio, contacta con nosotros.\" \/>\n<meta name=\"robots\" content=\"index, follow, max-snippet:-1, max-image-preview:large, max-video-preview:-1\" \/>\n<link rel=\"canonical\" href=\"https:\/\/escamilla.es\/de\/proveedores-aceitunas-por-mayor\/\" \/>\n<meta property=\"og:locale\" content=\"de_DE\" \/>\n<meta property=\"og:type\" content=\"article\" \/>\n<meta property=\"og:title\" content=\"Proveedores de aceitunas al por mayor - Escamilla\" \/>\n<meta property=\"og:description\" content=\"\u00bfSabes que somos proveedores de aceitunas al por mayor? Si quieres incorporar nuestras Aceitunas Escamilla a tu negocio, contacta con nosotros.\" \/>\n<meta property=\"og:url\" content=\"https:\/\/escamilla.es\/de\/proveedores-aceitunas-por-mayor\/\" \/>\n<meta property=\"og:site_name\" content=\"Escamilla\" \/>\n<meta property=\"article:published_time\" content=\"2019-06-26T08:49:54+00:00\" \/>\n<meta property=\"article:modified_time\" content=\"2022-12-12T10:35:37+00:00\" \/>\n<meta property=\"og:image\" content=\"https:\/\/i0.wp.com\/escamilla.es\/wp-content\/uploads\/2019\/06\/aceitunas-en-sevilla.png?fit=400%2C252&ssl=1\" \/>\n\t<meta property=\"og:image:width\" content=\"400\" \/>\n\t<meta property=\"og:image:height\" content=\"252\" \/>\n\t<meta property=\"og:image:type\" content=\"image\/png\" \/>\n<meta name=\"author\" content=\"@programacion\" \/>\n<meta name=\"twitter:card\" content=\"summary_large_image\" \/>\n<meta name=\"twitter:label1\" content=\"Verfasst von\" \/>\n\t<meta name=\"twitter:data1\" content=\"@programacion\" \/>\n\t<meta name=\"twitter:label2\" content=\"Gesch\u00e4tzte Lesezeit\" \/>\n\t<meta name=\"twitter:data2\" content=\"3\u00a0Minuten\" \/>\n<script type=\"application\/ld+json\" class=\"yoast-schema-graph\">{\"@context\":\"https:\/\/schema.org\",\"@graph\":[{\"@type\":\"Article\",\"@id\":\"https:\/\/escamilla.es\/proveedores-aceitunas-por-mayor\/#article\",\"isPartOf\":{\"@id\":\"https:\/\/escamilla.es\/proveedores-aceitunas-por-mayor\/\"},\"author\":{\"name\":\"@programacion\",\"@id\":\"https:\/\/escamilla.es\/es_es\/#\/schema\/person\/02bb0f020eaecff3f22c205e6ace4e1a\"},\"headline\":\"Proveedores de aceitunas al por mayor\",\"datePublished\":\"2019-06-26T08:49:54+00:00\",\"dateModified\":\"2022-12-12T10:35:37+00:00\",\"mainEntityOfPage\":{\"@id\":\"https:\/\/escamilla.es\/proveedores-aceitunas-por-mayor\/\"},\"wordCount\":347,\"commentCount\":0,\"publisher\":{\"@id\":\"https:\/\/escamilla.es\/es_es\/#organization\"},\"image\":{\"@id\":\"https:\/\/escamilla.es\/proveedores-aceitunas-por-mayor\/#primaryimage\"},\"thumbnailUrl\":\"https:\/\/escamilla.es\/wp-content\/uploads\/2019\/06\/aceitunas-en-sevilla.png\",\"articleSection\":[\"Blog\"],\"inLanguage\":\"de\",\"potentialAction\":[{\"@type\":\"CommentAction\",\"name\":\"Comment\",\"target\":[\"https:\/\/escamilla.es\/proveedores-aceitunas-por-mayor\/#respond\"]}]},{\"@type\":\"WebPage\",\"@id\":\"https:\/\/escamilla.es\/proveedores-aceitunas-por-mayor\/\",\"url\":\"https:\/\/escamilla.es\/proveedores-aceitunas-por-mayor\/\",\"name\":\"Proveedores de aceitunas al por mayor - Escamilla\",\"isPartOf\":{\"@id\":\"https:\/\/escamilla.es\/es_es\/#website\"},\"primaryImageOfPage\":{\"@id\":\"https:\/\/escamilla.es\/proveedores-aceitunas-por-mayor\/#primaryimage\"},\"image\":{\"@id\":\"https:\/\/escamilla.es\/proveedores-aceitunas-por-mayor\/#primaryimage\"},\"thumbnailUrl\":\"https:\/\/escamilla.es\/wp-content\/uploads\/2019\/06\/aceitunas-en-sevilla.png\",\"datePublished\":\"2019-06-26T08:49:54+00:00\",\"dateModified\":\"2022-12-12T10:35:37+00:00\",\"description\":\"\u00bfSabes que somos proveedores de aceitunas al por mayor? Si quieres incorporar nuestras Aceitunas Escamilla a tu negocio, contacta con nosotros.\",\"breadcrumb\":{\"@id\":\"https:\/\/escamilla.es\/proveedores-aceitunas-por-mayor\/#breadcrumb\"},\"inLanguage\":\"de\",\"potentialAction\":[{\"@type\":\"ReadAction\",\"target\":[\"https:\/\/escamilla.es\/proveedores-aceitunas-por-mayor\/\"]}]},{\"@type\":\"ImageObject\",\"inLanguage\":\"de\",\"@id\":\"https:\/\/escamilla.es\/proveedores-aceitunas-por-mayor\/#primaryimage\",\"url\":\"https:\/\/escamilla.es\/wp-content\/uploads\/2019\/06\/aceitunas-en-sevilla.png\",\"contentUrl\":\"https:\/\/escamilla.es\/wp-content\/uploads\/2019\/06\/aceitunas-en-sevilla.png\",\"width\":400,\"height\":252},{\"@type\":\"BreadcrumbList\",\"@id\":\"https:\/\/escamilla.es\/proveedores-aceitunas-por-mayor\/#breadcrumb\",\"itemListElement\":[{\"@type\":\"ListItem\",\"position\":1,\"name\":\"Portada\",\"item\":\"https:\/\/escamilla.es\/es_es\/\"},{\"@type\":\"ListItem\",\"position\":2,\"name\":\"Blog\",\"item\":\"https:\/\/escamilla.es\/es_es\/category\/blog\/\"},{\"@type\":\"ListItem\",\"position\":3,\"name\":\"Proveedores de aceitunas al por mayor\"}]},{\"@type\":\"WebSite\",\"@id\":\"https:\/\/escamilla.es\/es_es\/#website\",\"url\":\"https:\/\/escamilla.es\/es_es\/\",\"name\":\"Escamilla\",\"description\":\"\",\"publisher\":{\"@id\":\"https:\/\/escamilla.es\/es_es\/#organization\"},\"potentialAction\":[{\"@type\":\"SearchAction\",\"target\":{\"@type\":\"EntryPoint\",\"urlTemplate\":\"https:\/\/escamilla.es\/es_es\/?s={search_term_string}\"},\"query-input\":{\"@type\":\"PropertyValueSpecification\",\"valueRequired\":true,\"valueName\":\"search_term_string\"}}],\"inLanguage\":\"de\"},{\"@type\":\"Organization\",\"@id\":\"https:\/\/escamilla.es\/es_es\/#organization\",\"name\":\"Escamilla\",\"url\":\"https:\/\/escamilla.es\/es_es\/\",\"logo\":{\"@type\":\"ImageObject\",\"inLanguage\":\"de\",\"@id\":\"https:\/\/escamilla.es\/es_es\/#\/schema\/logo\/image\/\",\"url\":\"https:\/\/escamilla.es\/wp-content\/uploads\/2022\/03\/admin-ajax.jpg\",\"contentUrl\":\"https:\/\/escamilla.es\/wp-content\/uploads\/2022\/03\/admin-ajax.jpg\",\"width\":100,\"height\":26,\"caption\":\"Escamilla\"},\"image\":{\"@id\":\"https:\/\/escamilla.es\/es_es\/#\/schema\/logo\/image\/\"}},{\"@type\":\"Person\",\"@id\":\"https:\/\/escamilla.es\/es_es\/#\/schema\/person\/02bb0f020eaecff3f22c205e6ace4e1a\",\"name\":\"@programacion\",\"image\":{\"@type\":\"ImageObject\",\"inLanguage\":\"de\",\"@id\":\"https:\/\/escamilla.es\/es_es\/#\/schema\/person\/image\/\",\"url\":\"https:\/\/secure.gravatar.com\/avatar\/a5806cb0617e875b9acc82fba89175169764be9cad8d28cdf9bb50b34f9ceadd?s=96&d=mm&r=g\",\"contentUrl\":\"https:\/\/secure.gravatar.com\/avatar\/a5806cb0617e875b9acc82fba89175169764be9cad8d28cdf9bb50b34f9ceadd?s=96&d=mm&r=g\",\"caption\":\"@programacion\"},\"sameAs\":[\"https:\/\/tienda.escamilla.es\"],\"url\":\"https:\/\/escamilla.es\/de\/author\/programacion\/\"}]}<\/script>\n<!-- \/ Yoast SEO plugin. -->","yoast_head_json":{"title":"Proveedores de aceitunas al por mayor - Escamilla","description":"\u00bfSabes que somos proveedores de aceitunas al por mayor? Si quieres incorporar nuestras Aceitunas Escamilla a tu negocio, contacta con nosotros.","robots":{"index":"index","follow":"follow","max-snippet":"max-snippet:-1","max-image-preview":"max-image-preview:large","max-video-preview":"max-video-preview:-1"},"canonical":"https:\/\/escamilla.es\/de\/proveedores-aceitunas-por-mayor\/","og_locale":"de_DE","og_type":"article","og_title":"Proveedores de aceitunas al por mayor - Escamilla","og_description":"\u00bfSabes que somos proveedores de aceitunas al por mayor? Si quieres incorporar nuestras Aceitunas Escamilla a tu negocio, contacta con nosotros.","og_url":"https:\/\/escamilla.es\/de\/proveedores-aceitunas-por-mayor\/","og_site_name":"Escamilla","article_published_time":"2019-06-26T08:49:54+00:00","article_modified_time":"2022-12-12T10:35:37+00:00","og_image":[{"width":400,"height":252,"url":"https:\/\/i0.wp.com\/escamilla.es\/wp-content\/uploads\/2019\/06\/aceitunas-en-sevilla.png?fit=400%2C252&ssl=1","type":"image\/png"}],"author":"@programacion","twitter_card":"summary_large_image","twitter_misc":{"Verfasst von":"@programacion","Gesch\u00e4tzte Lesezeit":"3\u00a0Minuten"},"schema":{"@context":"https:\/\/schema.org","@graph":[{"@type":"Article","@id":"https:\/\/escamilla.es\/proveedores-aceitunas-por-mayor\/#article","isPartOf":{"@id":"https:\/\/escamilla.es\/proveedores-aceitunas-por-mayor\/"},"author":{"name":"@programacion","@id":"https:\/\/escamilla.es\/es_es\/#\/schema\/person\/02bb0f020eaecff3f22c205e6ace4e1a"},"headline":"Proveedores de aceitunas al por mayor","datePublished":"2019-06-26T08:49:54+00:00","dateModified":"2022-12-12T10:35:37+00:00","mainEntityOfPage":{"@id":"https:\/\/escamilla.es\/proveedores-aceitunas-por-mayor\/"},"wordCount":347,"commentCount":0,"publisher":{"@id":"https:\/\/escamilla.es\/es_es\/#organization"},"image":{"@id":"https:\/\/escamilla.es\/proveedores-aceitunas-por-mayor\/#primaryimage"},"thumbnailUrl":"https:\/\/escamilla.es\/wp-content\/uploads\/2019\/06\/aceitunas-en-sevilla.png","articleSection":["Blog"],"inLanguage":"de","potentialAction":[{"@type":"CommentAction","name":"Comment","target":["https:\/\/escamilla.es\/proveedores-aceitunas-por-mayor\/#respond"]}]},{"@type":"WebPage","@id":"https:\/\/escamilla.es\/proveedores-aceitunas-por-mayor\/","url":"https:\/\/escamilla.es\/proveedores-aceitunas-por-mayor\/","name":"Proveedores de aceitunas al por mayor - Escamilla","isPartOf":{"@id":"https:\/\/escamilla.es\/es_es\/#website"},"primaryImageOfPage":{"@id":"https:\/\/escamilla.es\/proveedores-aceitunas-por-mayor\/#primaryimage"},"image":{"@id":"https:\/\/escamilla.es\/proveedores-aceitunas-por-mayor\/#primaryimage"},"thumbnailUrl":"https:\/\/escamilla.es\/wp-content\/uploads\/2019\/06\/aceitunas-en-sevilla.png","datePublished":"2019-06-26T08:49:54+00:00","dateModified":"2022-12-12T10:35:37+00:00","description":"\u00bfSabes que somos proveedores de aceitunas al por mayor? Si quieres incorporar nuestras Aceitunas Escamilla a tu negocio, contacta con nosotros.","breadcrumb":{"@id":"https:\/\/escamilla.es\/proveedores-aceitunas-por-mayor\/#breadcrumb"},"inLanguage":"de","potentialAction":[{"@type":"ReadAction","target":["https:\/\/escamilla.es\/proveedores-aceitunas-por-mayor\/"]}]},{"@type":"ImageObject","inLanguage":"de","@id":"https:\/\/escamilla.es\/proveedores-aceitunas-por-mayor\/#primaryimage","url":"https:\/\/escamilla.es\/wp-content\/uploads\/2019\/06\/aceitunas-en-sevilla.png","contentUrl":"https:\/\/escamilla.es\/wp-content\/uploads\/2019\/06\/aceitunas-en-sevilla.png","width":400,"height":252},{"@type":"BreadcrumbList","@id":"https:\/\/escamilla.es\/proveedores-aceitunas-por-mayor\/#breadcrumb","itemListElement":[{"@type":"ListItem","position":1,"name":"Portada","item":"https:\/\/escamilla.es\/es_es\/"},{"@type":"ListItem","position":2,"name":"Blog","item":"https:\/\/escamilla.es\/es_es\/category\/blog\/"},{"@type":"ListItem","position":3,"name":"Proveedores de aceitunas al por mayor"}]},{"@type":"WebSite","@id":"https:\/\/escamilla.es\/es_es\/#website","url":"https:\/\/escamilla.es\/es_es\/","name":"Escamilla","description":"","publisher":{"@id":"https:\/\/escamilla.es\/es_es\/#organization"},"potentialAction":[{"@type":"SearchAction","target":{"@type":"EntryPoint","urlTemplate":"https:\/\/escamilla.es\/es_es\/?s={search_term_string}"},"query-input":{"@type":"PropertyValueSpecification","valueRequired":true,"valueName":"search_term_string"}}],"inLanguage":"de"},{"@type":"Organization","@id":"https:\/\/escamilla.es\/es_es\/#organization","name":"Escamilla","url":"https:\/\/escamilla.es\/es_es\/","logo":{"@type":"ImageObject","inLanguage":"de","@id":"https:\/\/escamilla.es\/es_es\/#\/schema\/logo\/image\/","url":"https:\/\/escamilla.es\/wp-content\/uploads\/2022\/03\/admin-ajax.jpg","contentUrl":"https:\/\/escamilla.es\/wp-content\/uploads\/2022\/03\/admin-ajax.jpg","width":100,"height":26,"caption":"Escamilla"},"image":{"@id":"https:\/\/escamilla.es\/es_es\/#\/schema\/logo\/image\/"}},{"@type":"Person","@id":"https:\/\/escamilla.es\/es_es\/#\/schema\/person\/02bb0f020eaecff3f22c205e6ace4e1a","name":"@programacion","image":{"@type":"ImageObject","inLanguage":"de","@id":"https:\/\/escamilla.es\/es_es\/#\/schema\/person\/image\/","url":"https:\/\/secure.gravatar.com\/avatar\/a5806cb0617e875b9acc82fba89175169764be9cad8d28cdf9bb50b34f9ceadd?s=96&d=mm&r=g","contentUrl":"https:\/\/secure.gravatar.com\/avatar\/a5806cb0617e875b9acc82fba89175169764be9cad8d28cdf9bb50b34f9ceadd?s=96&d=mm&r=g","caption":"@programacion"},"sameAs":["https:\/\/tienda.escamilla.es"],"url":"https:\/\/escamilla.es\/de\/author\/programacion\/"}]}},"jetpack_featured_media_url":"https:\/\/escamilla.es\/wp-content\/uploads\/2019\/06\/aceitunas-en-sevilla.png","_links":{"self":[{"href":"https:\/\/escamilla.es\/de\/wp-json\/wp\/v2\/posts\/10573","targetHints":{"allow":["GET"]}}],"collection":[{"href":"https:\/\/escamilla.es\/de\/wp-json\/wp\/v2\/posts"}],"about":[{"href":"https:\/\/escamilla.es\/de\/wp-json\/wp\/v2\/types\/post"}],"author":[{"embeddable":true,"href":"https:\/\/escamilla.es\/de\/wp-json\/wp\/v2\/users\/1"}],"replies":[{"embeddable":true,"href":"https:\/\/escamilla.es\/de\/wp-json\/wp\/v2\/comments?post=10573"}],"version-history":[{"count":28,"href":"https:\/\/escamilla.es\/de\/wp-json\/wp\/v2\/posts\/10573\/revisions"}],"predecessor-version":[{"id":11834,"href":"https:\/\/escamilla.es\/de\/wp-json\/wp\/v2\/posts\/10573\/revisions\/11834"}],"wp:featuredmedia":[{"embeddable":true,"href":"https:\/\/escamilla.es\/de\/wp-json\/wp\/v2\/media\/10574"}],"wp:attachment":[{"href":"https:\/\/escamilla.es\/de\/wp-json\/wp\/v2\/media?parent=10573"}],"wp:term":[{"taxonomy":"category","embeddable":true,"href":"https:\/\/escamilla.es\/de\/wp-json\/wp\/v2\/categories?post=10573"},{"taxonomy":"post_tag","embeddable":true,"href":"https:\/\/escamilla.es\/de\/wp-json\/wp\/v2\/tags?post=10573"}],"curies":[{"name":"wp","href":"https:\/\/api.w.org\/{rel}","templated":true}]}}