{"id":10858,"date":"2018-03-20T07:07:24","date_gmt":"2018-03-20T07:07:24","guid":{"rendered":"http:\/\/escamilla.marketingguay.es\/?p=746"},"modified":"2022-12-14T10:17:57","modified_gmt":"2022-12-14T10:17:57","slug":"aceitunas-espanolas","status":"publish","type":"post","link":"https:\/\/escamilla.es\/de\/aceitunas-espanolas\/","title":{"rendered":"Die internationale K\u00fcche hat sich den spanischen Oliven verschrieben"},"content":{"rendered":"<div data-elementor-type=\"wp-post\" data-elementor-id=\"10858\" class=\"elementor elementor-10858\" data-elementor-post-type=\"post\">\n\t\t\t\t\t\t<section class=\"elementor-section elementor-top-section elementor-element elementor-element-67eb6e21 elementor-section-boxed elementor-section-height-default elementor-section-height-default wd-section-disabled\" data-id=\"67eb6e21\" data-element_type=\"section\">\n\t\t\t\t\t\t<div class=\"elementor-container elementor-column-gap-default\">\n\t\t\t\t\t<div class=\"elementor-column elementor-col-100 elementor-top-column elementor-element elementor-element-38484b22\" data-id=\"38484b22\" data-element_type=\"column\">\n\t\t\t<div class=\"elementor-widget-wrap elementor-element-populated\">\n\t\t\t\t\t\t<div class=\"elementor-element elementor-element-5a08825 color-scheme-inherit text-left elementor-widget elementor-widget-text-editor\" data-id=\"5a08825\" data-element_type=\"widget\" data-widget_type=\"text-editor.default\">\n\t\t\t\t<div class=\"elementor-widget-container\">\n\t\t\t\t\t\t\t<p>Wussten Sie, dass eine der ersten Verwendungen von Oliven in der Herstellung von Pasteten bestand? Das stimmt, und sie wurde vor allem wegen ihres \u00d6ls verwendet, bis man die Vielseitigkeit dieses einzigartigen Produkts erkannte.<\/p><p>\u00a0<\/p>\t\t\t\t\t\t<\/div>\n\t\t\t\t<\/div>\n\t\t\t\t\t<\/div>\n\t\t<\/div>\n\t\t\t\t\t<\/div>\n\t\t<\/section>\n\t\t<div class=\"elementor-element elementor-element-1f07419 e-flex e-con-boxed e-con e-parent\" data-id=\"1f07419\" data-element_type=\"container\" data-settings=\"{&quot;background_background&quot;:&quot;classic&quot;}\">\n\t\t\t\t\t<div class=\"e-con-inner\">\n\t\t\t\t<div class=\"elementor-element elementor-element-4b80496 color-scheme-light text-left elementor-widget elementor-widget-text-editor\" data-id=\"4b80496\" data-element_type=\"widget\" data-widget_type=\"text-editor.default\">\n\t\t\t\t<div class=\"elementor-widget-container\">\n\t\t\t\t\t\t\t<h2>\u00a0<\/h2><h2><strong>Ein Meilenstein im Mittelmeerraum<\/strong><\/h2><p><strong>Die spanische Olive<\/strong>\u00a0wurde an der Mittelmeerk\u00fcste geboren und ist inzwischen zu einer kulturellen und gastronomischen Ikone Spaniens geworden. So sehr, dass es inzwischen Reisef\u00fchrer und Rezeptb\u00fccher gibt... nur \u00fcber Oliven!<\/p><p>Damit diese Rezepte nicht zu kurz kommen, bieten wir bei Aceitunas Escamilla eine gro\u00dfe Auswahl an: von der ganzen gr\u00fcnen Manzanilla f\u00fcr die Klassiker \u00fcber die Meeresolive mit ihren Sardellen bis hin zu den entsteinten Oliven f\u00fcr diejenigen, die ihren vollen Geschmack genie\u00dfen m\u00f6chten.<\/p><p>Gerade jetzt wird dieses exzellente Produkt in den Gerichten anderer L\u00e4nder verwendet, von den traditionellsten franz\u00f6sischen F\u00fcllungen \u00fcber italienische Salate bis hin zu einigen russischen Saucen.<\/p><p>Die sevillanische Tafelolive ist daher die Quintessenz der Begleitung jeder Mahlzeit. Aceitunas escamilla Wetten f\u00fcr die Vielzahl von dieser Vorspeise, wenn nicht, empfehlen wir Ihnen, eine unserer ber\u00fchmtesten Sorten zu versuchen; unsere Manzanilla Oliven mit Mojo Canario.<\/p><p>\u00a0<\/p>\t\t\t\t\t\t<\/div>\n\t\t\t\t<\/div>\n\t\t\t\t\t<\/div>\n\t\t\t\t<\/div>\n\t\t<div class=\"elementor-element elementor-element-86321f1 e-flex e-con-boxed e-con e-parent\" data-id=\"86321f1\" data-element_type=\"container\">\n\t\t\t\t\t<div class=\"e-con-inner\">\n\t\t\t\t<div class=\"elementor-element elementor-element-2f95fe0 color-scheme-inherit text-left elementor-widget elementor-widget-text-editor\" data-id=\"2f95fe0\" data-element_type=\"widget\" data-widget_type=\"text-editor.default\">\n\t\t\t\t<div class=\"elementor-widget-container\">\n\t\t\t\t\t\t\t<h2>\u00a0<\/h2><h2><strong>Die Zukunft der spanischen Olive<\/strong><\/h2><p>Aber sollten wir Oliven nur erfahrenen H\u00e4nden \u00fcberlassen? Es ist sehr wichtig, die vielf\u00e4ltigen Verwendungsm\u00f6glichkeiten der zuk\u00fcnftigen Versprechen in der K\u00fcche zu entdecken, und deshalb ist es genauso wichtig, Oliven am Tisch mit Familie und Freunden zu genie\u00dfen, wie die Grundlagen einer Vorspeise zu erlernen, die so sehr unsere eigene ist. Neue Sorten und Geschmacksrichtungen ausprobieren, kulinarische Erfahrungen austauschen...\u00a0<strong>Die spanische Olive<\/strong>\u00a0Aceitunas Escamilla ist aufgrund seiner Qualit\u00e4t und seines Charakters am besten f\u00fcr diese F\u00e4lle geeignet.<\/p><p>Das wissen auch unsere Mitarbeiter, die sie mit Sorgfalt und Aufmerksamkeit einzeln und nach traditioneller Methode pfl\u00fccken, damit sie mit der h\u00f6chsten Qualit\u00e4t, die sie auszeichnet, auf Ihre Teller kommen. Bereit zu schmecken und zu genie\u00dfen.<\/p><p>\u00a0<\/p>\t\t\t\t\t\t<\/div>\n\t\t\t\t<\/div>\n\t\t\t\t\t<\/div>\n\t\t\t\t<\/div>\n\t\t\t\t<\/div>","protected":false},"excerpt":{"rendered":"<p>Wussten Sie, dass eine der ersten Verwendungen von Oliven in der Herstellung von Pasteten bestand? Ja, das stimmt.<\/p>","protected":false},"author":1,"featured_media":10859,"comment_status":"open","ping_status":"open","sticky":false,"template":"","format":"standard","meta":{"footnotes":""},"categories":[98],"tags":[],"class_list":["post-10858","post","type-post","status-publish","format-standard","has-post-thumbnail","hentry","category-blog"],"yoast_head":"<!-- This site is optimized with the Yoast SEO plugin v23.4 - https:\/\/yoast.com\/wordpress\/plugins\/seo\/ -->\n<title>La cocina internacional apuesta por las aceitunas espa\u00f1olas - Escamilla<\/title>\n<meta name=\"description\" content=\"La aceituna espa\u00f1ola nace y se convierte en un referente del mediterr\u00e1neo convirti\u00e9ndose en un manjar idolatrado y amado por toda la cocina europea.\" \/>\n<meta name=\"robots\" content=\"index, follow, max-snippet:-1, max-image-preview:large, max-video-preview:-1\" \/>\n<link rel=\"canonical\" href=\"https:\/\/escamilla.es\/de\/aceitunas-espanolas\/\" \/>\n<meta property=\"og:locale\" content=\"de_DE\" \/>\n<meta property=\"og:type\" content=\"article\" \/>\n<meta property=\"og:title\" content=\"La cocina internacional apuesta por las aceitunas espa\u00f1olas - Escamilla\" \/>\n<meta property=\"og:description\" content=\"La aceituna espa\u00f1ola nace y se convierte en un referente del mediterr\u00e1neo convirti\u00e9ndose en un manjar idolatrado y amado por toda la cocina europea.\" \/>\n<meta property=\"og:url\" content=\"https:\/\/escamilla.es\/de\/aceitunas-espanolas\/\" \/>\n<meta property=\"og:site_name\" content=\"Escamilla\" \/>\n<meta property=\"article:published_time\" content=\"2018-03-20T07:07:24+00:00\" \/>\n<meta property=\"article:modified_time\" content=\"2022-12-14T10:17:57+00:00\" \/>\n<meta property=\"og:image\" content=\"https:\/\/i0.wp.com\/escamilla.es\/wp-content\/uploads\/2018\/07\/aceituna-espa\u00f1ola.jpg?fit=570%2C373&ssl=1\" \/>\n\t<meta property=\"og:image:width\" content=\"570\" \/>\n\t<meta property=\"og:image:height\" content=\"373\" \/>\n\t<meta property=\"og:image:type\" content=\"image\/jpeg\" \/>\n<meta name=\"author\" content=\"@programacion\" \/>\n<meta name=\"twitter:card\" content=\"summary_large_image\" \/>\n<meta name=\"twitter:label1\" content=\"Verfasst von\" \/>\n\t<meta name=\"twitter:data1\" content=\"@programacion\" \/>\n\t<meta name=\"twitter:label2\" content=\"Gesch\u00e4tzte Lesezeit\" \/>\n\t<meta name=\"twitter:data2\" content=\"2\u00a0Minuten\" \/>\n<script type=\"application\/ld+json\" class=\"yoast-schema-graph\">{\"@context\":\"https:\/\/schema.org\",\"@graph\":[{\"@type\":\"Article\",\"@id\":\"https:\/\/escamilla.es\/en\/aceitunas-espanolas\/#article\",\"isPartOf\":{\"@id\":\"https:\/\/escamilla.es\/en\/aceitunas-espanolas\/\"},\"author\":{\"name\":\"@programacion\",\"@id\":\"https:\/\/escamilla.es\/es_es\/#\/schema\/person\/02bb0f020eaecff3f22c205e6ace4e1a\"},\"headline\":\"La cocina internacional apuesta por las aceitunas espa\u00f1olas\",\"datePublished\":\"2018-03-20T07:07:24+00:00\",\"dateModified\":\"2022-12-14T10:17:57+00:00\",\"mainEntityOfPage\":{\"@id\":\"https:\/\/escamilla.es\/en\/aceitunas-espanolas\/\"},\"wordCount\":353,\"commentCount\":0,\"publisher\":{\"@id\":\"https:\/\/escamilla.es\/es_es\/#organization\"},\"image\":{\"@id\":\"https:\/\/escamilla.es\/en\/aceitunas-espanolas\/#primaryimage\"},\"thumbnailUrl\":\"https:\/\/escamilla.es\/wp-content\/uploads\/2018\/07\/aceituna-espa\u00f1ola.jpg\",\"articleSection\":[\"Blog\"],\"inLanguage\":\"de\",\"potentialAction\":[{\"@type\":\"CommentAction\",\"name\":\"Comment\",\"target\":[\"https:\/\/escamilla.es\/en\/aceitunas-espanolas\/#respond\"]}]},{\"@type\":\"WebPage\",\"@id\":\"https:\/\/escamilla.es\/en\/aceitunas-espanolas\/\",\"url\":\"https:\/\/escamilla.es\/en\/aceitunas-espanolas\/\",\"name\":\"La cocina internacional apuesta por las aceitunas espa\u00f1olas - Escamilla\",\"isPartOf\":{\"@id\":\"https:\/\/escamilla.es\/es_es\/#website\"},\"primaryImageOfPage\":{\"@id\":\"https:\/\/escamilla.es\/en\/aceitunas-espanolas\/#primaryimage\"},\"image\":{\"@id\":\"https:\/\/escamilla.es\/en\/aceitunas-espanolas\/#primaryimage\"},\"thumbnailUrl\":\"https:\/\/escamilla.es\/wp-content\/uploads\/2018\/07\/aceituna-espa\u00f1ola.jpg\",\"datePublished\":\"2018-03-20T07:07:24+00:00\",\"dateModified\":\"2022-12-14T10:17:57+00:00\",\"description\":\"La aceituna espa\u00f1ola nace y se convierte en un referente del mediterr\u00e1neo convirti\u00e9ndose en un manjar idolatrado y amado por toda la cocina europea.\",\"breadcrumb\":{\"@id\":\"https:\/\/escamilla.es\/en\/aceitunas-espanolas\/#breadcrumb\"},\"inLanguage\":\"de\",\"potentialAction\":[{\"@type\":\"ReadAction\",\"target\":[\"https:\/\/escamilla.es\/en\/aceitunas-espanolas\/\"]}]},{\"@type\":\"ImageObject\",\"inLanguage\":\"de\",\"@id\":\"https:\/\/escamilla.es\/en\/aceitunas-espanolas\/#primaryimage\",\"url\":\"https:\/\/escamilla.es\/wp-content\/uploads\/2018\/07\/aceituna-espa\u00f1ola.jpg\",\"contentUrl\":\"https:\/\/escamilla.es\/wp-content\/uploads\/2018\/07\/aceituna-espa\u00f1ola.jpg\",\"width\":570,\"height\":373},{\"@type\":\"BreadcrumbList\",\"@id\":\"https:\/\/escamilla.es\/en\/aceitunas-espanolas\/#breadcrumb\",\"itemListElement\":[{\"@type\":\"ListItem\",\"position\":1,\"name\":\"Portada\",\"item\":\"https:\/\/escamilla.es\/es_es\/\"},{\"@type\":\"ListItem\",\"position\":2,\"name\":\"Blog\",\"item\":\"https:\/\/escamilla.es\/es_es\/category\/blog\/\"},{\"@type\":\"ListItem\",\"position\":3,\"name\":\"La cocina internacional apuesta por las aceitunas espa\u00f1olas\"}]},{\"@type\":\"WebSite\",\"@id\":\"https:\/\/escamilla.es\/es_es\/#website\",\"url\":\"https:\/\/escamilla.es\/es_es\/\",\"name\":\"Escamilla\",\"description\":\"\",\"publisher\":{\"@id\":\"https:\/\/escamilla.es\/es_es\/#organization\"},\"potentialAction\":[{\"@type\":\"SearchAction\",\"target\":{\"@type\":\"EntryPoint\",\"urlTemplate\":\"https:\/\/escamilla.es\/es_es\/?s={search_term_string}\"},\"query-input\":{\"@type\":\"PropertyValueSpecification\",\"valueRequired\":true,\"valueName\":\"search_term_string\"}}],\"inLanguage\":\"de\"},{\"@type\":\"Organization\",\"@id\":\"https:\/\/escamilla.es\/es_es\/#organization\",\"name\":\"Escamilla\",\"url\":\"https:\/\/escamilla.es\/es_es\/\",\"logo\":{\"@type\":\"ImageObject\",\"inLanguage\":\"de\",\"@id\":\"https:\/\/escamilla.es\/es_es\/#\/schema\/logo\/image\/\",\"url\":\"https:\/\/escamilla.es\/wp-content\/uploads\/2022\/03\/admin-ajax.jpg\",\"contentUrl\":\"https:\/\/escamilla.es\/wp-content\/uploads\/2022\/03\/admin-ajax.jpg\",\"width\":100,\"height\":26,\"caption\":\"Escamilla\"},\"image\":{\"@id\":\"https:\/\/escamilla.es\/es_es\/#\/schema\/logo\/image\/\"}},{\"@type\":\"Person\",\"@id\":\"https:\/\/escamilla.es\/es_es\/#\/schema\/person\/02bb0f020eaecff3f22c205e6ace4e1a\",\"name\":\"@programacion\",\"image\":{\"@type\":\"ImageObject\",\"inLanguage\":\"de\",\"@id\":\"https:\/\/escamilla.es\/es_es\/#\/schema\/person\/image\/\",\"url\":\"https:\/\/secure.gravatar.com\/avatar\/a5806cb0617e875b9acc82fba89175169764be9cad8d28cdf9bb50b34f9ceadd?s=96&d=mm&r=g\",\"contentUrl\":\"https:\/\/secure.gravatar.com\/avatar\/a5806cb0617e875b9acc82fba89175169764be9cad8d28cdf9bb50b34f9ceadd?s=96&d=mm&r=g\",\"caption\":\"@programacion\"},\"sameAs\":[\"https:\/\/tienda.escamilla.es\"],\"url\":\"https:\/\/escamilla.es\/de\/author\/programacion\/\"}]}<\/script>\n<!-- \/ Yoast SEO plugin. -->","yoast_head_json":{"title":"La cocina internacional apuesta por las aceitunas espa\u00f1olas - Escamilla","description":"La aceituna espa\u00f1ola nace y se convierte en un referente del mediterr\u00e1neo convirti\u00e9ndose en un manjar idolatrado y amado por toda la cocina europea.","robots":{"index":"index","follow":"follow","max-snippet":"max-snippet:-1","max-image-preview":"max-image-preview:large","max-video-preview":"max-video-preview:-1"},"canonical":"https:\/\/escamilla.es\/de\/aceitunas-espanolas\/","og_locale":"de_DE","og_type":"article","og_title":"La cocina internacional apuesta por las aceitunas espa\u00f1olas - Escamilla","og_description":"La aceituna espa\u00f1ola nace y se convierte en un referente del mediterr\u00e1neo convirti\u00e9ndose en un manjar idolatrado y amado por toda la cocina europea.","og_url":"https:\/\/escamilla.es\/de\/aceitunas-espanolas\/","og_site_name":"Escamilla","article_published_time":"2018-03-20T07:07:24+00:00","article_modified_time":"2022-12-14T10:17:57+00:00","og_image":[{"width":570,"height":373,"url":"https:\/\/i0.wp.com\/escamilla.es\/wp-content\/uploads\/2018\/07\/aceituna-espa\u00f1ola.jpg?fit=570%2C373&ssl=1","type":"image\/jpeg"}],"author":"@programacion","twitter_card":"summary_large_image","twitter_misc":{"Verfasst von":"@programacion","Gesch\u00e4tzte Lesezeit":"2\u00a0Minuten"},"schema":{"@context":"https:\/\/schema.org","@graph":[{"@type":"Article","@id":"https:\/\/escamilla.es\/en\/aceitunas-espanolas\/#article","isPartOf":{"@id":"https:\/\/escamilla.es\/en\/aceitunas-espanolas\/"},"author":{"name":"@programacion","@id":"https:\/\/escamilla.es\/es_es\/#\/schema\/person\/02bb0f020eaecff3f22c205e6ace4e1a"},"headline":"La cocina internacional apuesta por las aceitunas espa\u00f1olas","datePublished":"2018-03-20T07:07:24+00:00","dateModified":"2022-12-14T10:17:57+00:00","mainEntityOfPage":{"@id":"https:\/\/escamilla.es\/en\/aceitunas-espanolas\/"},"wordCount":353,"commentCount":0,"publisher":{"@id":"https:\/\/escamilla.es\/es_es\/#organization"},"image":{"@id":"https:\/\/escamilla.es\/en\/aceitunas-espanolas\/#primaryimage"},"thumbnailUrl":"https:\/\/escamilla.es\/wp-content\/uploads\/2018\/07\/aceituna-espa\u00f1ola.jpg","articleSection":["Blog"],"inLanguage":"de","potentialAction":[{"@type":"CommentAction","name":"Comment","target":["https:\/\/escamilla.es\/en\/aceitunas-espanolas\/#respond"]}]},{"@type":"WebPage","@id":"https:\/\/escamilla.es\/en\/aceitunas-espanolas\/","url":"https:\/\/escamilla.es\/en\/aceitunas-espanolas\/","name":"La cocina internacional apuesta por las aceitunas espa\u00f1olas - Escamilla","isPartOf":{"@id":"https:\/\/escamilla.es\/es_es\/#website"},"primaryImageOfPage":{"@id":"https:\/\/escamilla.es\/en\/aceitunas-espanolas\/#primaryimage"},"image":{"@id":"https:\/\/escamilla.es\/en\/aceitunas-espanolas\/#primaryimage"},"thumbnailUrl":"https:\/\/escamilla.es\/wp-content\/uploads\/2018\/07\/aceituna-espa\u00f1ola.jpg","datePublished":"2018-03-20T07:07:24+00:00","dateModified":"2022-12-14T10:17:57+00:00","description":"La aceituna espa\u00f1ola nace y se convierte en un referente del mediterr\u00e1neo convirti\u00e9ndose en un manjar idolatrado y amado por toda la cocina europea.","breadcrumb":{"@id":"https:\/\/escamilla.es\/en\/aceitunas-espanolas\/#breadcrumb"},"inLanguage":"de","potentialAction":[{"@type":"ReadAction","target":["https:\/\/escamilla.es\/en\/aceitunas-espanolas\/"]}]},{"@type":"ImageObject","inLanguage":"de","@id":"https:\/\/escamilla.es\/en\/aceitunas-espanolas\/#primaryimage","url":"https:\/\/escamilla.es\/wp-content\/uploads\/2018\/07\/aceituna-espa\u00f1ola.jpg","contentUrl":"https:\/\/escamilla.es\/wp-content\/uploads\/2018\/07\/aceituna-espa\u00f1ola.jpg","width":570,"height":373},{"@type":"BreadcrumbList","@id":"https:\/\/escamilla.es\/en\/aceitunas-espanolas\/#breadcrumb","itemListElement":[{"@type":"ListItem","position":1,"name":"Portada","item":"https:\/\/escamilla.es\/es_es\/"},{"@type":"ListItem","position":2,"name":"Blog","item":"https:\/\/escamilla.es\/es_es\/category\/blog\/"},{"@type":"ListItem","position":3,"name":"La cocina internacional apuesta por las aceitunas espa\u00f1olas"}]},{"@type":"WebSite","@id":"https:\/\/escamilla.es\/es_es\/#website","url":"https:\/\/escamilla.es\/es_es\/","name":"Escamilla","description":"","publisher":{"@id":"https:\/\/escamilla.es\/es_es\/#organization"},"potentialAction":[{"@type":"SearchAction","target":{"@type":"EntryPoint","urlTemplate":"https:\/\/escamilla.es\/es_es\/?s={search_term_string}"},"query-input":{"@type":"PropertyValueSpecification","valueRequired":true,"valueName":"search_term_string"}}],"inLanguage":"de"},{"@type":"Organization","@id":"https:\/\/escamilla.es\/es_es\/#organization","name":"Escamilla","url":"https:\/\/escamilla.es\/es_es\/","logo":{"@type":"ImageObject","inLanguage":"de","@id":"https:\/\/escamilla.es\/es_es\/#\/schema\/logo\/image\/","url":"https:\/\/escamilla.es\/wp-content\/uploads\/2022\/03\/admin-ajax.jpg","contentUrl":"https:\/\/escamilla.es\/wp-content\/uploads\/2022\/03\/admin-ajax.jpg","width":100,"height":26,"caption":"Escamilla"},"image":{"@id":"https:\/\/escamilla.es\/es_es\/#\/schema\/logo\/image\/"}},{"@type":"Person","@id":"https:\/\/escamilla.es\/es_es\/#\/schema\/person\/02bb0f020eaecff3f22c205e6ace4e1a","name":"@programacion","image":{"@type":"ImageObject","inLanguage":"de","@id":"https:\/\/escamilla.es\/es_es\/#\/schema\/person\/image\/","url":"https:\/\/secure.gravatar.com\/avatar\/a5806cb0617e875b9acc82fba89175169764be9cad8d28cdf9bb50b34f9ceadd?s=96&d=mm&r=g","contentUrl":"https:\/\/secure.gravatar.com\/avatar\/a5806cb0617e875b9acc82fba89175169764be9cad8d28cdf9bb50b34f9ceadd?s=96&d=mm&r=g","caption":"@programacion"},"sameAs":["https:\/\/tienda.escamilla.es"],"url":"https:\/\/escamilla.es\/de\/author\/programacion\/"}]}},"jetpack_featured_media_url":"https:\/\/escamilla.es\/wp-content\/uploads\/2018\/07\/aceituna-espa\u00f1ola.jpg","_links":{"self":[{"href":"https:\/\/escamilla.es\/de\/wp-json\/wp\/v2\/posts\/10858","targetHints":{"allow":["GET"]}}],"collection":[{"href":"https:\/\/escamilla.es\/de\/wp-json\/wp\/v2\/posts"}],"about":[{"href":"https:\/\/escamilla.es\/de\/wp-json\/wp\/v2\/types\/post"}],"author":[{"embeddable":true,"href":"https:\/\/escamilla.es\/de\/wp-json\/wp\/v2\/users\/1"}],"replies":[{"embeddable":true,"href":"https:\/\/escamilla.es\/de\/wp-json\/wp\/v2\/comments?post=10858"}],"version-history":[{"count":3,"href":"https:\/\/escamilla.es\/de\/wp-json\/wp\/v2\/posts\/10858\/revisions"}],"predecessor-version":[{"id":12022,"href":"https:\/\/escamilla.es\/de\/wp-json\/wp\/v2\/posts\/10858\/revisions\/12022"}],"wp:featuredmedia":[{"embeddable":true,"href":"https:\/\/escamilla.es\/de\/wp-json\/wp\/v2\/media\/10859"}],"wp:attachment":[{"href":"https:\/\/escamilla.es\/de\/wp-json\/wp\/v2\/media?parent=10858"}],"wp:term":[{"taxonomy":"category","embeddable":true,"href":"https:\/\/escamilla.es\/de\/wp-json\/wp\/v2\/categories?post=10858"},{"taxonomy":"post_tag","embeddable":true,"href":"https:\/\/escamilla.es\/de\/wp-json\/wp\/v2\/tags?post=10858"}],"curies":[{"name":"wp","href":"https:\/\/api.w.org\/{rel}","templated":true}]}}