{"id":10887,"date":"2017-10-31T10:07:37","date_gmt":"2017-10-31T10:07:37","guid":{"rendered":"http:\/\/escamilla.marketingguay.es\/?p=718"},"modified":"2022-12-14T12:21:27","modified_gmt":"2022-12-14T12:21:27","slug":"refranes-de-aceitunas","status":"publish","type":"post","link":"https:\/\/escamilla.es\/de\/refranes-de-aceitunas\/","title":{"rendered":"Oliven und die spanische Volkssprache. Redewendungen und Sprichw\u00f6rter \u00fcber Oliven Finde es heraus!"},"content":{"rendered":"<div data-elementor-type=\"wp-post\" data-elementor-id=\"10887\" class=\"elementor elementor-10887\" data-elementor-post-type=\"post\">\n\t\t\t\t\t\t<section class=\"elementor-section elementor-top-section elementor-element elementor-element-2255496e elementor-section-boxed elementor-section-height-default elementor-section-height-default wd-section-disabled\" data-id=\"2255496e\" data-element_type=\"section\">\n\t\t\t\t\t\t<div class=\"elementor-container elementor-column-gap-default\">\n\t\t\t\t\t<div class=\"elementor-column elementor-col-100 elementor-top-column elementor-element elementor-element-41c19185\" data-id=\"41c19185\" data-element_type=\"column\">\n\t\t\t<div class=\"elementor-widget-wrap elementor-element-populated\">\n\t\t\t\t\t\t<div class=\"elementor-element elementor-element-5c9d165b color-scheme-inherit text-left elementor-widget elementor-widget-text-editor\" data-id=\"5c9d165b\" data-element_type=\"widget\" data-widget_type=\"text-editor.default\">\n\t\t\t\t<div class=\"elementor-widget-container\">\n\t\t\t\t\t\t\t<p><strong style=\"font-size: 14px; text-align: justify; background-color: var(--wd-main-bgcolor); color: var(--wd-text-color);\">Escamilla-Oliven<\/strong><span style=\"font-size: 14px; text-align: justify; background-color: var(--wd-main-bgcolor); color: var(--wd-text-color);\">\u00a0ist ein Traditionsunternehmen. Unsere langj\u00e4hrige Erfahrung in der Produktion, der Reifung und dem Verkauf von Oliven begann vor 60 Jahren. Und in all dieser Zeit sind wir alle damit aufgewachsen, unseren Gro\u00dfm\u00fcttern und M\u00fcttern dabei zuzuh\u00f6ren, wie sie sich mit volkst\u00fcmlichen Spr\u00fcchen oder Sprichw\u00f6rtern ausdr\u00fcckten. Fallen Ihnen irgendwelche Redewendungen, R\u00e4tsel oder Spr\u00fcche \u00fcber Oliven ein?<\/span><\/p><p style=\"text-align: justify;\">Interessanterweise gibt es viele\u00a0<strong>literarische Ressourcen<\/strong>\u00a0die sich auf den\u00a0<strong>Oliven<\/strong>\u00a0und ihre Welt.<\/p><p style=\"text-align: justify;\">\u00a0<\/p>\t\t\t\t\t\t<\/div>\n\t\t\t\t<\/div>\n\t\t\t\t\t<\/div>\n\t\t<\/div>\n\t\t\t\t\t<\/div>\n\t\t<\/section>\n\t\t<div class=\"elementor-element elementor-element-5920557 e-flex e-con-boxed e-con e-parent\" data-id=\"5920557\" data-element_type=\"container\" data-settings=\"{&quot;background_background&quot;:&quot;classic&quot;}\">\n\t\t\t\t\t<div class=\"e-con-inner\">\n\t\t\t\t<div class=\"elementor-element elementor-element-fad44a8 color-scheme-light text-left elementor-widget elementor-widget-text-editor\" data-id=\"fad44a8\" data-element_type=\"widget\" data-widget_type=\"text-editor.default\">\n\t\t\t\t<div class=\"elementor-widget-container\">\n\t\t\t\t\t\t\t<h2>\u00a0<\/h2><h2><strong>K\u00f6nnen Sie eine nennen, die mit Oliven verwandt ist?<\/strong><\/h2><p>Wir f\u00fchlen uns sehr mit diesem Satz identifiziert: \"Vaters Haus, Gro\u00dfvaters Weinberg und Urgro\u00dfvaters Olivenhain\".\u00a0<strong>Escamilla-Oliven<\/strong>\u00a0wurde von Generation zu Generation weitergegeben, bis es heute zu einem hervorragenden\u00a0<strong>Oliven\u00f6lfirma<\/strong>. So sehr, dass wir uns auf dem Markt durch eine gro\u00dfe Vielfalt an Geschmacksrichtungen, Formaten und Arten von Oliven auszeichnen.<\/p><p>Denken Sie an ein anderes bekanntes Sprichwort, ich bin sicher, Sie haben schon andere geh\u00f6rt...<\/p><p>Es gibt viele, die mit der Ernte der sch\u00f6nen und k\u00f6stlichen Tafelolive verbunden sind. Zum Beispiel: \"A \u00faltimos de noviembre coge tu oliva siempre\" oder \"A \u00faltimos de noviembre, coge la oliva y despu\u00e9s duerme\".<\/p><p>Unter\u00a0<strong>Escamilla-Oliven<\/strong>\u00a0Wir legen gro\u00dfen Wert auf die Ernte unserer wertvollsten Fr\u00fcchte. F\u00fcr uns ist es wichtig, sie vor der Reifezeit, nach dem Sommer, zu ernten, wenn sie den richtigen Reifegrad erreicht haben, nicht vorher oder nachher. Aus diesem Grund f\u00fchren wir eine m\u00fchsame Erntekampagne durch, und aus diesem Grund kommen uns diese beiden volkst\u00fcmlichen Spr\u00fcche in den Sinn: Wir ruhen nicht, bis alle k\u00f6stlichen Escamilla-Oliven den Olivenbaum verlassen haben!<\/p><p>\u00a0<\/p>\t\t\t\t\t\t<\/div>\n\t\t\t\t<\/div>\n\t\t\t\t\t<\/div>\n\t\t\t\t<\/div>\n\t\t<div class=\"elementor-element elementor-element-722591e e-flex e-con-boxed e-con e-parent\" data-id=\"722591e\" data-element_type=\"container\">\n\t\t\t\t\t<div class=\"e-con-inner\">\n\t\t\t\t<div class=\"elementor-element elementor-element-a404601 color-scheme-inherit text-left elementor-widget elementor-widget-text-editor\" data-id=\"a404601\" data-element_type=\"widget\" data-widget_type=\"text-editor.default\">\n\t\t\t\t<div class=\"elementor-widget-container\">\n\t\t\t\t\t\t\t<h2>\u00a0<\/h2><h2>Kennen Sie eine Redewendung, die sich auf den Baum bezieht, von dem die Olive stammt?<\/h2><p>\"Olivenbaum, Olivenbaum und Olivenbaum, alle sind eins\". Der Olivenbaum, was f\u00fcr ein dankbarer Baum! Er versch\u00f6nert nicht nur die Felder, sondern liefert uns auch Qualit\u00e4tsprodukte, die unserer Gesundheit zugute kommen, wie Oliven und \u00d6l, das fl\u00fcssige Gold Andalusiens.<\/p><p>Aber: \"Was w\u00fcrde aus den St\u00e4dten ohne Land und Olivenhaine werden? Diese Frage stellen wir uns auch! Unserem Gaumen w\u00fcrde der Geschmack und das Vergn\u00fcgen, Oliven zu probieren, fehlen. Au\u00dferdem widmen sich viele Familien seit Jahrzehnten dem Olivenanbau, so auch in Aceitunas Escamilla. Denken wir aber auch an den gesamten Prozess der Olive, von der Aussaat bis zum Verzehr auf unserem Tisch, der eine Vielzahl von Arbeitspl\u00e4tzen schafft!<\/p><p>\u00a0<\/p>\t\t\t\t\t\t<\/div>\n\t\t\t\t<\/div>\n\t\t\t\t\t<\/div>\n\t\t\t\t<\/div>\n\t\t<div class=\"elementor-element elementor-element-a959336 e-flex e-con-boxed e-con e-parent\" data-id=\"a959336\" data-element_type=\"container\" data-settings=\"{&quot;background_background&quot;:&quot;classic&quot;}\">\n\t\t\t\t\t<div class=\"e-con-inner\">\n\t\t\t\t<div class=\"elementor-element elementor-element-51a8331 color-scheme-light text-left elementor-widget elementor-widget-text-editor\" data-id=\"51a8331\" data-element_type=\"widget\" data-widget_type=\"text-editor.default\">\n\t\t\t\t<div class=\"elementor-widget-container\">\n\t\t\t\t\t\t\t<h2>\u00a0<\/h2><h2><strong>Wie w\u00e4re es, wenn du dir ein R\u00e4tsel ausdenkst?<\/strong><\/h2><p><strong>\u00a0<\/strong>\"Ich habe eine kugelf\u00f6rmige Gestalt, schon manchmal verl\u00e4ngert, meine Bitterkeit wird durch Industrie geheilt und jeder ehrliche Mensch kauft, sucht und beschafft mich\".<\/p><p>Wie wir in diesem Beitrag festgestellt haben, ist die\u00a0<strong>Escamilla-Oliven<\/strong>\u00a0sind nicht nur ein hochwertiger Aperitif, sie sind viel mehr. Eine traditionelle Frucht mit gesundheitlichen Vorteilen und hervorragendem Geschmack, die im spanischen Sprichwort und im Wortschatz aller Andalusier, die mit der wunderbaren Welt der Oliven verbunden sind oder nicht, eine besondere Bedeutung hat.<\/p><p>\u00a0<\/p>\t\t\t\t\t\t<\/div>\n\t\t\t\t<\/div>\n\t\t\t\t\t<\/div>\n\t\t\t\t<\/div>\n\t\t\t\t<\/div>","protected":false},"excerpt":{"rendered":"<p>Aceitunas Escamilla ist ein Traditionsunternehmen. Unsere umfangreiche Erfahrung in der Produktion, der Reifung und dem Verkauf von Oliven begann vor 60 Jahren. <\/p>","protected":false},"author":1,"featured_media":10888,"comment_status":"open","ping_status":"open","sticky":false,"template":"","format":"standard","meta":{"footnotes":""},"categories":[98],"tags":[],"class_list":["post-10887","post","type-post","status-publish","format-standard","has-post-thumbnail","hentry","category-blog"],"yoast_head":"<!-- This site is optimized with the Yoast SEO plugin v23.4 - https:\/\/yoast.com\/wordpress\/plugins\/seo\/ -->\n<title>Las Aceitunas y el lenguaje popular espa\u00f1ol. Frases y refranes de aceitunas \u00a1Desc\u00fabrelo! - Escamilla<\/title>\n<meta name=\"description\" content=\"\u00bfTe viene a la mente alguna adivinanza o refr\u00e1n de aceitunas? Visita nuestro blog y descubre las mejores frases de aceitunas del lenguaje popular espa\u00f1ol\" \/>\n<meta name=\"robots\" content=\"index, follow, max-snippet:-1, max-image-preview:large, max-video-preview:-1\" \/>\n<link rel=\"canonical\" href=\"https:\/\/escamilla.es\/de\/refranes-de-aceitunas\/\" \/>\n<meta property=\"og:locale\" content=\"de_DE\" \/>\n<meta property=\"og:type\" content=\"article\" \/>\n<meta property=\"og:title\" content=\"Las Aceitunas y el lenguaje popular espa\u00f1ol. Frases y refranes de aceitunas \u00a1Desc\u00fabrelo! - Escamilla\" \/>\n<meta property=\"og:description\" content=\"\u00bfTe viene a la mente alguna adivinanza o refr\u00e1n de aceitunas? Visita nuestro blog y descubre las mejores frases de aceitunas del lenguaje popular espa\u00f1ol\" \/>\n<meta property=\"og:url\" content=\"https:\/\/escamilla.es\/de\/refranes-de-aceitunas\/\" \/>\n<meta property=\"og:site_name\" content=\"Escamilla\" \/>\n<meta property=\"article:published_time\" content=\"2017-10-31T10:07:37+00:00\" \/>\n<meta property=\"article:modified_time\" content=\"2022-12-14T12:21:27+00:00\" \/>\n<meta property=\"og:image\" content=\"https:\/\/i0.wp.com\/escamilla.es\/wp-content\/uploads\/2018\/07\/aceitunas-juventud-1200x801.jpg?fit=570%2C373&ssl=1\" \/>\n\t<meta property=\"og:image:width\" content=\"570\" \/>\n\t<meta property=\"og:image:height\" content=\"373\" \/>\n\t<meta property=\"og:image:type\" content=\"image\/jpeg\" \/>\n<meta name=\"author\" content=\"@programacion\" \/>\n<meta name=\"twitter:card\" content=\"summary_large_image\" \/>\n<meta name=\"twitter:label1\" content=\"Verfasst von\" \/>\n\t<meta name=\"twitter:data1\" content=\"@programacion\" \/>\n\t<meta name=\"twitter:label2\" content=\"Gesch\u00e4tzte Lesezeit\" \/>\n\t<meta name=\"twitter:data2\" content=\"3\u00a0Minuten\" \/>\n<script type=\"application\/ld+json\" class=\"yoast-schema-graph\">{\"@context\":\"https:\/\/schema.org\",\"@graph\":[{\"@type\":\"Article\",\"@id\":\"https:\/\/escamilla.es\/refranes-de-aceitunas\/#article\",\"isPartOf\":{\"@id\":\"https:\/\/escamilla.es\/refranes-de-aceitunas\/\"},\"author\":{\"name\":\"@programacion\",\"@id\":\"https:\/\/escamilla.es\/es_es\/#\/schema\/person\/02bb0f020eaecff3f22c205e6ace4e1a\"},\"headline\":\"Las Aceitunas y el lenguaje popular espa\u00f1ol. Frases y refranes de aceitunas \u00a1Desc\u00fabrelo!\",\"datePublished\":\"2017-10-31T10:07:37+00:00\",\"dateModified\":\"2022-12-14T12:21:27+00:00\",\"mainEntityOfPage\":{\"@id\":\"https:\/\/escamilla.es\/refranes-de-aceitunas\/\"},\"wordCount\":509,\"commentCount\":0,\"publisher\":{\"@id\":\"https:\/\/escamilla.es\/es_es\/#organization\"},\"image\":{\"@id\":\"https:\/\/escamilla.es\/refranes-de-aceitunas\/#primaryimage\"},\"thumbnailUrl\":\"https:\/\/escamilla.es\/wp-content\/uploads\/2018\/07\/aceitunas-juventud-1200x801.jpg\",\"articleSection\":[\"Blog\"],\"inLanguage\":\"de\",\"potentialAction\":[{\"@type\":\"CommentAction\",\"name\":\"Comment\",\"target\":[\"https:\/\/escamilla.es\/refranes-de-aceitunas\/#respond\"]}]},{\"@type\":\"WebPage\",\"@id\":\"https:\/\/escamilla.es\/refranes-de-aceitunas\/\",\"url\":\"https:\/\/escamilla.es\/refranes-de-aceitunas\/\",\"name\":\"Las Aceitunas y el lenguaje popular espa\u00f1ol. Frases y refranes de aceitunas \u00a1Desc\u00fabrelo! - Escamilla\",\"isPartOf\":{\"@id\":\"https:\/\/escamilla.es\/es_es\/#website\"},\"primaryImageOfPage\":{\"@id\":\"https:\/\/escamilla.es\/refranes-de-aceitunas\/#primaryimage\"},\"image\":{\"@id\":\"https:\/\/escamilla.es\/refranes-de-aceitunas\/#primaryimage\"},\"thumbnailUrl\":\"https:\/\/escamilla.es\/wp-content\/uploads\/2018\/07\/aceitunas-juventud-1200x801.jpg\",\"datePublished\":\"2017-10-31T10:07:37+00:00\",\"dateModified\":\"2022-12-14T12:21:27+00:00\",\"description\":\"\u00bfTe viene a la mente alguna adivinanza o refr\u00e1n de aceitunas? Visita nuestro blog y descubre las mejores frases de aceitunas del lenguaje popular espa\u00f1ol\",\"breadcrumb\":{\"@id\":\"https:\/\/escamilla.es\/refranes-de-aceitunas\/#breadcrumb\"},\"inLanguage\":\"de\",\"potentialAction\":[{\"@type\":\"ReadAction\",\"target\":[\"https:\/\/escamilla.es\/refranes-de-aceitunas\/\"]}]},{\"@type\":\"ImageObject\",\"inLanguage\":\"de\",\"@id\":\"https:\/\/escamilla.es\/refranes-de-aceitunas\/#primaryimage\",\"url\":\"https:\/\/escamilla.es\/wp-content\/uploads\/2018\/07\/aceitunas-juventud-1200x801.jpg\",\"contentUrl\":\"https:\/\/escamilla.es\/wp-content\/uploads\/2018\/07\/aceitunas-juventud-1200x801.jpg\",\"width\":570,\"height\":373},{\"@type\":\"BreadcrumbList\",\"@id\":\"https:\/\/escamilla.es\/refranes-de-aceitunas\/#breadcrumb\",\"itemListElement\":[{\"@type\":\"ListItem\",\"position\":1,\"name\":\"Portada\",\"item\":\"https:\/\/escamilla.es\/es_es\/\"},{\"@type\":\"ListItem\",\"position\":2,\"name\":\"Blog\",\"item\":\"https:\/\/escamilla.es\/es_es\/category\/blog\/\"},{\"@type\":\"ListItem\",\"position\":3,\"name\":\"Las Aceitunas y el lenguaje popular espa\u00f1ol. Frases y refranes de aceitunas \u00a1Desc\u00fabrelo!\"}]},{\"@type\":\"WebSite\",\"@id\":\"https:\/\/escamilla.es\/es_es\/#website\",\"url\":\"https:\/\/escamilla.es\/es_es\/\",\"name\":\"Escamilla\",\"description\":\"\",\"publisher\":{\"@id\":\"https:\/\/escamilla.es\/es_es\/#organization\"},\"potentialAction\":[{\"@type\":\"SearchAction\",\"target\":{\"@type\":\"EntryPoint\",\"urlTemplate\":\"https:\/\/escamilla.es\/es_es\/?s={search_term_string}\"},\"query-input\":{\"@type\":\"PropertyValueSpecification\",\"valueRequired\":true,\"valueName\":\"search_term_string\"}}],\"inLanguage\":\"de\"},{\"@type\":\"Organization\",\"@id\":\"https:\/\/escamilla.es\/es_es\/#organization\",\"name\":\"Escamilla\",\"url\":\"https:\/\/escamilla.es\/es_es\/\",\"logo\":{\"@type\":\"ImageObject\",\"inLanguage\":\"de\",\"@id\":\"https:\/\/escamilla.es\/es_es\/#\/schema\/logo\/image\/\",\"url\":\"https:\/\/escamilla.es\/wp-content\/uploads\/2022\/03\/admin-ajax.jpg\",\"contentUrl\":\"https:\/\/escamilla.es\/wp-content\/uploads\/2022\/03\/admin-ajax.jpg\",\"width\":100,\"height\":26,\"caption\":\"Escamilla\"},\"image\":{\"@id\":\"https:\/\/escamilla.es\/es_es\/#\/schema\/logo\/image\/\"}},{\"@type\":\"Person\",\"@id\":\"https:\/\/escamilla.es\/es_es\/#\/schema\/person\/02bb0f020eaecff3f22c205e6ace4e1a\",\"name\":\"@programacion\",\"image\":{\"@type\":\"ImageObject\",\"inLanguage\":\"de\",\"@id\":\"https:\/\/escamilla.es\/es_es\/#\/schema\/person\/image\/\",\"url\":\"https:\/\/secure.gravatar.com\/avatar\/a5806cb0617e875b9acc82fba89175169764be9cad8d28cdf9bb50b34f9ceadd?s=96&d=mm&r=g\",\"contentUrl\":\"https:\/\/secure.gravatar.com\/avatar\/a5806cb0617e875b9acc82fba89175169764be9cad8d28cdf9bb50b34f9ceadd?s=96&d=mm&r=g\",\"caption\":\"@programacion\"},\"sameAs\":[\"https:\/\/tienda.escamilla.es\"],\"url\":\"https:\/\/escamilla.es\/de\/author\/programacion\/\"}]}<\/script>\n<!-- \/ Yoast SEO plugin. -->","yoast_head_json":{"title":"Las Aceitunas y el lenguaje popular espa\u00f1ol. Frases y refranes de aceitunas \u00a1Desc\u00fabrelo! - Escamilla","description":"\u00bfTe viene a la mente alguna adivinanza o refr\u00e1n de aceitunas? Visita nuestro blog y descubre las mejores frases de aceitunas del lenguaje popular espa\u00f1ol","robots":{"index":"index","follow":"follow","max-snippet":"max-snippet:-1","max-image-preview":"max-image-preview:large","max-video-preview":"max-video-preview:-1"},"canonical":"https:\/\/escamilla.es\/de\/refranes-de-aceitunas\/","og_locale":"de_DE","og_type":"article","og_title":"Las Aceitunas y el lenguaje popular espa\u00f1ol. Frases y refranes de aceitunas \u00a1Desc\u00fabrelo! - Escamilla","og_description":"\u00bfTe viene a la mente alguna adivinanza o refr\u00e1n de aceitunas? Visita nuestro blog y descubre las mejores frases de aceitunas del lenguaje popular espa\u00f1ol","og_url":"https:\/\/escamilla.es\/de\/refranes-de-aceitunas\/","og_site_name":"Escamilla","article_published_time":"2017-10-31T10:07:37+00:00","article_modified_time":"2022-12-14T12:21:27+00:00","og_image":[{"width":570,"height":373,"url":"https:\/\/i0.wp.com\/escamilla.es\/wp-content\/uploads\/2018\/07\/aceitunas-juventud-1200x801.jpg?fit=570%2C373&ssl=1","type":"image\/jpeg"}],"author":"@programacion","twitter_card":"summary_large_image","twitter_misc":{"Verfasst von":"@programacion","Gesch\u00e4tzte Lesezeit":"3\u00a0Minuten"},"schema":{"@context":"https:\/\/schema.org","@graph":[{"@type":"Article","@id":"https:\/\/escamilla.es\/refranes-de-aceitunas\/#article","isPartOf":{"@id":"https:\/\/escamilla.es\/refranes-de-aceitunas\/"},"author":{"name":"@programacion","@id":"https:\/\/escamilla.es\/es_es\/#\/schema\/person\/02bb0f020eaecff3f22c205e6ace4e1a"},"headline":"Las Aceitunas y el lenguaje popular espa\u00f1ol. Frases y refranes de aceitunas \u00a1Desc\u00fabrelo!","datePublished":"2017-10-31T10:07:37+00:00","dateModified":"2022-12-14T12:21:27+00:00","mainEntityOfPage":{"@id":"https:\/\/escamilla.es\/refranes-de-aceitunas\/"},"wordCount":509,"commentCount":0,"publisher":{"@id":"https:\/\/escamilla.es\/es_es\/#organization"},"image":{"@id":"https:\/\/escamilla.es\/refranes-de-aceitunas\/#primaryimage"},"thumbnailUrl":"https:\/\/escamilla.es\/wp-content\/uploads\/2018\/07\/aceitunas-juventud-1200x801.jpg","articleSection":["Blog"],"inLanguage":"de","potentialAction":[{"@type":"CommentAction","name":"Comment","target":["https:\/\/escamilla.es\/refranes-de-aceitunas\/#respond"]}]},{"@type":"WebPage","@id":"https:\/\/escamilla.es\/refranes-de-aceitunas\/","url":"https:\/\/escamilla.es\/refranes-de-aceitunas\/","name":"Las Aceitunas y el lenguaje popular espa\u00f1ol. Frases y refranes de aceitunas \u00a1Desc\u00fabrelo! - Escamilla","isPartOf":{"@id":"https:\/\/escamilla.es\/es_es\/#website"},"primaryImageOfPage":{"@id":"https:\/\/escamilla.es\/refranes-de-aceitunas\/#primaryimage"},"image":{"@id":"https:\/\/escamilla.es\/refranes-de-aceitunas\/#primaryimage"},"thumbnailUrl":"https:\/\/escamilla.es\/wp-content\/uploads\/2018\/07\/aceitunas-juventud-1200x801.jpg","datePublished":"2017-10-31T10:07:37+00:00","dateModified":"2022-12-14T12:21:27+00:00","description":"\u00bfTe viene a la mente alguna adivinanza o refr\u00e1n de aceitunas? Visita nuestro blog y descubre las mejores frases de aceitunas del lenguaje popular espa\u00f1ol","breadcrumb":{"@id":"https:\/\/escamilla.es\/refranes-de-aceitunas\/#breadcrumb"},"inLanguage":"de","potentialAction":[{"@type":"ReadAction","target":["https:\/\/escamilla.es\/refranes-de-aceitunas\/"]}]},{"@type":"ImageObject","inLanguage":"de","@id":"https:\/\/escamilla.es\/refranes-de-aceitunas\/#primaryimage","url":"https:\/\/escamilla.es\/wp-content\/uploads\/2018\/07\/aceitunas-juventud-1200x801.jpg","contentUrl":"https:\/\/escamilla.es\/wp-content\/uploads\/2018\/07\/aceitunas-juventud-1200x801.jpg","width":570,"height":373},{"@type":"BreadcrumbList","@id":"https:\/\/escamilla.es\/refranes-de-aceitunas\/#breadcrumb","itemListElement":[{"@type":"ListItem","position":1,"name":"Portada","item":"https:\/\/escamilla.es\/es_es\/"},{"@type":"ListItem","position":2,"name":"Blog","item":"https:\/\/escamilla.es\/es_es\/category\/blog\/"},{"@type":"ListItem","position":3,"name":"Las Aceitunas y el lenguaje popular espa\u00f1ol. Frases y refranes de aceitunas \u00a1Desc\u00fabrelo!"}]},{"@type":"WebSite","@id":"https:\/\/escamilla.es\/es_es\/#website","url":"https:\/\/escamilla.es\/es_es\/","name":"Escamilla","description":"","publisher":{"@id":"https:\/\/escamilla.es\/es_es\/#organization"},"potentialAction":[{"@type":"SearchAction","target":{"@type":"EntryPoint","urlTemplate":"https:\/\/escamilla.es\/es_es\/?s={search_term_string}"},"query-input":{"@type":"PropertyValueSpecification","valueRequired":true,"valueName":"search_term_string"}}],"inLanguage":"de"},{"@type":"Organization","@id":"https:\/\/escamilla.es\/es_es\/#organization","name":"Escamilla","url":"https:\/\/escamilla.es\/es_es\/","logo":{"@type":"ImageObject","inLanguage":"de","@id":"https:\/\/escamilla.es\/es_es\/#\/schema\/logo\/image\/","url":"https:\/\/escamilla.es\/wp-content\/uploads\/2022\/03\/admin-ajax.jpg","contentUrl":"https:\/\/escamilla.es\/wp-content\/uploads\/2022\/03\/admin-ajax.jpg","width":100,"height":26,"caption":"Escamilla"},"image":{"@id":"https:\/\/escamilla.es\/es_es\/#\/schema\/logo\/image\/"}},{"@type":"Person","@id":"https:\/\/escamilla.es\/es_es\/#\/schema\/person\/02bb0f020eaecff3f22c205e6ace4e1a","name":"@programacion","image":{"@type":"ImageObject","inLanguage":"de","@id":"https:\/\/escamilla.es\/es_es\/#\/schema\/person\/image\/","url":"https:\/\/secure.gravatar.com\/avatar\/a5806cb0617e875b9acc82fba89175169764be9cad8d28cdf9bb50b34f9ceadd?s=96&d=mm&r=g","contentUrl":"https:\/\/secure.gravatar.com\/avatar\/a5806cb0617e875b9acc82fba89175169764be9cad8d28cdf9bb50b34f9ceadd?s=96&d=mm&r=g","caption":"@programacion"},"sameAs":["https:\/\/tienda.escamilla.es"],"url":"https:\/\/escamilla.es\/de\/author\/programacion\/"}]}},"jetpack_featured_media_url":"https:\/\/escamilla.es\/wp-content\/uploads\/2018\/07\/aceitunas-juventud-1200x801.jpg","_links":{"self":[{"href":"https:\/\/escamilla.es\/de\/wp-json\/wp\/v2\/posts\/10887","targetHints":{"allow":["GET"]}}],"collection":[{"href":"https:\/\/escamilla.es\/de\/wp-json\/wp\/v2\/posts"}],"about":[{"href":"https:\/\/escamilla.es\/de\/wp-json\/wp\/v2\/types\/post"}],"author":[{"embeddable":true,"href":"https:\/\/escamilla.es\/de\/wp-json\/wp\/v2\/users\/1"}],"replies":[{"embeddable":true,"href":"https:\/\/escamilla.es\/de\/wp-json\/wp\/v2\/comments?post=10887"}],"version-history":[{"count":3,"href":"https:\/\/escamilla.es\/de\/wp-json\/wp\/v2\/posts\/10887\/revisions"}],"predecessor-version":[{"id":12051,"href":"https:\/\/escamilla.es\/de\/wp-json\/wp\/v2\/posts\/10887\/revisions\/12051"}],"wp:featuredmedia":[{"embeddable":true,"href":"https:\/\/escamilla.es\/de\/wp-json\/wp\/v2\/media\/10888"}],"wp:attachment":[{"href":"https:\/\/escamilla.es\/de\/wp-json\/wp\/v2\/media?parent=10887"}],"wp:term":[{"taxonomy":"category","embeddable":true,"href":"https:\/\/escamilla.es\/de\/wp-json\/wp\/v2\/categories?post=10887"},{"taxonomy":"post_tag","embeddable":true,"href":"https:\/\/escamilla.es\/de\/wp-json\/wp\/v2\/tags?post=10887"}],"curies":[{"name":"wp","href":"https:\/\/api.w.org\/{rel}","templated":true}]}}