{"id":10897,"date":"2017-09-06T10:05:25","date_gmt":"2017-09-06T10:05:25","guid":{"rendered":"http:\/\/escamilla.marketingguay.es\/?p=708"},"modified":"2022-12-14T12:48:22","modified_gmt":"2022-12-14T12:48:22","slug":"andalucia-sabor-y-escamilla","status":"publish","type":"post","link":"https:\/\/escamilla.es\/de\/andalucia-sabor-y-escamilla\/","title":{"rendered":"Aceitunas Escamilla wird auf der Andaluc\u00eda Sabor 2017, dem Agrar- und Fischereifest des Jahres, vertreten sein!"},"content":{"rendered":"<div data-elementor-type=\"wp-post\" data-elementor-id=\"10897\" class=\"elementor elementor-10897\" data-elementor-post-type=\"post\">\n\t\t\t\t\t\t<section class=\"elementor-section elementor-top-section elementor-element elementor-element-542e672c elementor-section-boxed elementor-section-height-default elementor-section-height-default wd-section-disabled\" data-id=\"542e672c\" data-element_type=\"section\">\n\t\t\t\t\t\t<div class=\"elementor-container elementor-column-gap-default\">\n\t\t\t\t\t<div class=\"elementor-column elementor-col-100 elementor-top-column elementor-element elementor-element-6fbd5ea3\" data-id=\"6fbd5ea3\" data-element_type=\"column\">\n\t\t\t<div class=\"elementor-widget-wrap elementor-element-populated\">\n\t\t\t\t\t\t<div class=\"elementor-element elementor-element-1a6ba5b9 color-scheme-inherit text-left elementor-widget elementor-widget-text-editor\" data-id=\"1a6ba5b9\" data-element_type=\"widget\" data-widget_type=\"text-editor.default\">\n\t\t\t\t<div class=\"elementor-widget-container\">\n\t\t\t\t\t\t\t<p><span style=\"font-size: 14px; text-align: justify; background-color: var(--wd-main-bgcolor); color: var(--wd-text-color);\">\u00a0<\/span><\/p><p><span style=\"font-size: 14px; text-align: justify; background-color: var(--wd-main-bgcolor); color: var(--wd-text-color);\">Eine hochmoderne Veranstaltung auf der Andaluc\u00eda Sabor 2017. Die gr\u00f6\u00dfte Agrar- und Fischereimesse in Andalusien. Eine professionelle Veranstaltung, die sich als Treffpunkt f\u00fcr die wichtigsten andalusischen Gastronomieunternehmen etabliert hat. Sie findet vom 25. bis 27. September in Fibes statt und ihr Hauptziel ist die F\u00f6rderung und St\u00e4rkung der Pr\u00e4senz andalusischer Produkte auf dem nationalen und internationalen Markt.<\/span><\/p><p style=\"text-align: justify;\"><strong>Und wie k\u00f6nnte es anders sein, Aceitunas Escamilla nimmt an dieser wichtigen Veranstaltung teil: Wir werden am Stand Nr. 209 im 1. Stock zu finden sein.<\/strong>.<\/p><p style=\"text-align: justify;\">\u00a0<\/p>\t\t\t\t\t\t<\/div>\n\t\t\t\t<\/div>\n\t\t\t\t\t<\/div>\n\t\t<\/div>\n\t\t\t\t\t<\/div>\n\t\t<\/section>\n\t\t<div class=\"elementor-element elementor-element-d8bf0d2 e-flex e-con-boxed e-con e-parent\" data-id=\"d8bf0d2\" data-element_type=\"container\" data-settings=\"{&quot;background_background&quot;:&quot;classic&quot;}\">\n\t\t\t\t\t<div class=\"e-con-inner\">\n\t\t\t\t<div class=\"elementor-element elementor-element-430484d color-scheme-light text-left elementor-widget elementor-widget-text-editor\" data-id=\"430484d\" data-element_type=\"widget\" data-widget_type=\"text-editor.default\">\n\t\t\t\t<div class=\"elementor-widget-container\">\n\t\t\t\t\t\t\t<h2>\u00a0<\/h2><h2><strong>Was bringen die Escamilla-Oliven zu diesem prestigetr\u00e4chtigen Ereignis bei?<\/strong><\/h2><p>Aceitunas Escamilla wird an dieser Veranstaltung teilnehmen f\u00fcr\u00a0<strong>bekannt zu machen\u00a0<a href=\"https:\/\/escamilla.es\/de\/es\/origen-aceituna-de-mesa-escamilla\/\">seine traditionelle Produktion von Oliven und Snacks<\/a><\/strong>\u00a0in der Welt der Agrar- und Ern\u00e4hrungswirtschaft. Wir beabsichtigen\u00a0<strong>konsolidieren<\/strong>sogar noch mehr,\u00a0<strong>UNSERE MARKE<\/strong>wie auch\u00a0<strong>Highlight\u00a0<a href=\"https:\/\/escamilla.es\/de\/es\/aceituna-sevillana-beneficios\/\">den Nutzen und die Bedeutung<\/a><\/strong>,\u00a0<strong>die \u00fcber<\/strong>\u00a0und hat seit Jahrhunderten\u00a0<strong>Tafeloliven<\/strong>.<\/p><p>Zu diesem Zweck m\u00fcssen wir\u00a0<strong>eine Ausstellung, die als Schaufenster f\u00fcr uns dienen wird<\/strong>\u00a0f\u00fcr die \u00fcbrigen an diesem Sektor interessierten Einrichtungen. Da im Laufe der Jahre,\u00a0<a href=\"http:\/\/www.andaluciasabor.com\/es\/\">Andalusien Sabor 2017<\/a>\u00a0ist der Schl\u00fcssel f\u00fcr Unternehmen, die ausschlie\u00dflich mit andalusischen Rohstoffen arbeiten.<\/p><p>\u00a0<\/p>\t\t\t\t\t\t<\/div>\n\t\t\t\t<\/div>\n\t\t\t\t\t<\/div>\n\t\t\t\t<\/div>\n\t\t<div class=\"elementor-element elementor-element-61bb229 e-flex e-con-boxed e-con e-parent\" data-id=\"61bb229\" data-element_type=\"container\">\n\t\t\t\t\t<div class=\"e-con-inner\">\n\t\t\t\t<div class=\"elementor-element elementor-element-4775788 color-scheme-inherit text-left elementor-widget elementor-widget-text-editor\" data-id=\"4775788\" data-element_type=\"widget\" data-widget_type=\"text-editor.default\">\n\t\t\t\t<div class=\"elementor-widget-container\">\n\t\t\t\t\t\t\t<h2>\u00a0<\/h2><h2><strong>Und es gibt noch mehr...<\/strong><\/h2><p><strong>Ein Vorgeschmack auf 2017<\/strong>\u00a0wird ein Ereignis sein, das\u00a0<strong>wird sich durch die Qualit\u00e4t und Vielfalt seiner Produkte auszeichnen.<\/strong>\u00a0die die Teilnehmer finden k\u00f6nnen.<\/p><p>Parallel zu den Fachtagungen findet au\u00dferdem der 6. gastronomische Kongress Andaluc\u00eda Sabor statt, an dem sich 23\u00a0<strong>Michelin-Sterne Haute Cuisine wiedervereint! \u00a0<\/strong>Au\u00dferdem werden 11 spezialisierte Workshops, ein gastronomisches Klassenzimmer und Konferenzen angeboten.<\/p><p>Das Hauptthema der Vortr\u00e4ge wird Andalusien in all seinen Facetten sein: Produkte, Kultur, Landschaften, gastronomische Tradition... Und wir werden auch genie\u00dfen\u00a0<strong>verschiedene Showkochen<\/strong>\u00a0live.<\/p><p>\u00a0<\/p>\t\t\t\t\t\t<\/div>\n\t\t\t\t<\/div>\n\t\t\t\t\t<\/div>\n\t\t\t\t<\/div>\n\t\t<div class=\"elementor-element elementor-element-c3f3b3c e-flex e-con-boxed e-con e-parent\" data-id=\"c3f3b3c\" data-element_type=\"container\" data-settings=\"{&quot;background_background&quot;:&quot;classic&quot;}\">\n\t\t\t\t\t<div class=\"e-con-inner\">\n\t\t\t\t<div class=\"elementor-element elementor-element-0352c03 color-scheme-light text-left elementor-widget elementor-widget-text-editor\" data-id=\"0352c03\" data-element_type=\"widget\" data-widget_type=\"text-editor.default\">\n\t\t\t\t<div class=\"elementor-widget-container\">\n\t\t\t\t\t\t\t<h2>\u00a0<\/h2><h2><strong>Warum ist es wichtig, dass wir teilnehmen?<\/strong><\/h2><ol><li>Mit unseren kleinen, aber leckeren Oliven und Snacks verleihen wir bei Veranstaltungen oder Feiern eine besondere Note.<\/li><li>Wir \u00fcberraschen mit unseren exquisiten\u00a0<a href=\"https:\/\/escamilla.es\/de\/es\/productos\/\">Vielfalt der Produkte und Formate<\/a>.<\/li><li>Wir verleihen Gerichten und Vorspeisen eine elegante Note.<\/li><li>Unsere lange Tradition in diesem Sektor ist unsere Garantie.<\/li><\/ol><p>Nachdem wir erkl\u00e4rt haben, warum wir bei dieser Ausgabe dabei sein werden,\u00a0<strong>m\u00f6chten wir darauf hinweisen, dass wir stolz darauf sind, den Platz mit anderen Produkten andalusischen Ursprungs zu teilen 100%<\/strong>. Es ist eine gro\u00dfe Freude f\u00fcr uns, f\u00fcr die hohe Qualit\u00e4t und die Anstrengungen, die wir Jahr f\u00fcr Jahr in unsere landwirtschaftliche Produktion stecken, anerkannt zu werden.<\/p><p>\u00a0<\/p>\t\t\t\t\t\t<\/div>\n\t\t\t\t<\/div>\n\t\t\t\t\t<\/div>\n\t\t\t\t<\/div>\n\t\t<div class=\"elementor-element elementor-element-3ee2632 e-flex e-con-boxed e-con e-parent\" data-id=\"3ee2632\" data-element_type=\"container\">\n\t\t\t\t\t<div class=\"e-con-inner\">\n\t\t\t\t<div class=\"elementor-element elementor-element-9181673 color-scheme-inherit text-left elementor-widget elementor-widget-text-editor\" data-id=\"9181673\" data-element_type=\"widget\" data-widget_type=\"text-editor.default\">\n\t\t\t\t<div class=\"elementor-widget-container\">\n\t\t\t\t\t\t\t<h2>\u00a0<\/h2><h2><strong>Wir sind sehr stolz<\/strong><\/h2><p>F\u00fcr die Familie Aceitunas Escamilla ist die Teilnahme an der Andaluc\u00eda Sabor 2017 die Gelegenheit, ein Treffen zu genie\u00dfen, bei dem die hohe Qualit\u00e4t und der Wert der Produkte unseres Landes demonstriert werden. Dar\u00fcber hinaus,\u00a0<strong>Wir sehen unsere Teilnahme an der Veranstaltung als eine gro\u00dfe Anerkennung unserer Arbeit und unseres Weges.<\/strong>. Wir werden die Botschafter der Olive sein, in allen Geschmacksrichtungen, Formaten und Dressings, die es gibt.<\/p><p>Escamilla freut sich auf diese neue Ausgabe von Andaluc\u00eda Sabor 2017.<\/p><p><strong>Wir nehmen zum ersten Mal an dieser Veranstaltung teil, und das ist eine echte Herausforderung!<\/strong>\u00a0Behalten Sie unsere sozialen Netzwerke im Auge:\u00a0<a href=\"https:\/\/es-es.facebook.com\/Aceitunas-Escamilla-1443671572530699\/\">Aceitunas Escamilla (Facebook)<\/a>,\u00a0<a href=\"https:\/\/www.instagram.com\/aceitunasescamilla\/\">Aceitunasescamilla (Instagram)\u00a0<\/a>y\u00a0<a href=\"https:\/\/twitter.com\/olivesescamilla?lang=es\">@olivesescamilla (Twitter)<\/a>\u00a0denn wir werden Fotos ver\u00f6ffentlichen und Sie \u00fcber alle unsere Bewegungen informieren!<\/p><p>\u00a0<\/p>\t\t\t\t\t\t<\/div>\n\t\t\t\t<\/div>\n\t\t\t\t\t<\/div>\n\t\t\t\t<\/div>\n\t\t\t\t<\/div>","protected":false},"excerpt":{"rendered":"<p>Eine hochmoderne Veranstaltung auf der Andaluc\u00eda Sabor 2017. Die gr\u00f6\u00dfte Agrar- und Fischereimesse in Andalusien.<\/p>","protected":false},"author":1,"featured_media":10898,"comment_status":"open","ping_status":"open","sticky":false,"template":"","format":"standard","meta":{"footnotes":""},"categories":[98],"tags":[],"class_list":["post-10897","post","type-post","status-publish","format-standard","has-post-thumbnail","hentry","category-blog"],"yoast_head":"<!-- This site is optimized with the Yoast SEO plugin v23.4 - https:\/\/yoast.com\/wordpress\/plugins\/seo\/ -->\n<title>Aceitunas Escamilla estar\u00e1 en Andaluc\u00eda Sabor 2017 \u00a1El evento agroalimentario y pesquero del a\u00f1o! - Escamilla<\/title>\n<meta name=\"description\" content=\"El mejor evento agroalimentario Andaluc\u00eda Sabor 2017. Aceitunas Escamilla no puede perderse esta cita. Puedes encontrarnos en el stand 209 1\u00aa Planta\" \/>\n<meta name=\"robots\" content=\"index, follow, max-snippet:-1, max-image-preview:large, max-video-preview:-1\" \/>\n<link rel=\"canonical\" href=\"https:\/\/escamilla.es\/de\/andalucia-sabor-y-escamilla\/\" \/>\n<meta property=\"og:locale\" content=\"de_DE\" \/>\n<meta property=\"og:type\" content=\"article\" \/>\n<meta property=\"og:title\" content=\"Aceitunas Escamilla estar\u00e1 en Andaluc\u00eda Sabor 2017 \u00a1El evento agroalimentario y pesquero del a\u00f1o! - Escamilla\" \/>\n<meta property=\"og:description\" content=\"El mejor evento agroalimentario Andaluc\u00eda Sabor 2017. Aceitunas Escamilla no puede perderse esta cita. Puedes encontrarnos en el stand 209 1\u00aa Planta\" \/>\n<meta property=\"og:url\" content=\"https:\/\/escamilla.es\/de\/andalucia-sabor-y-escamilla\/\" \/>\n<meta property=\"og:site_name\" content=\"Escamilla\" \/>\n<meta property=\"article:published_time\" content=\"2017-09-06T10:05:25+00:00\" \/>\n<meta property=\"article:modified_time\" content=\"2022-12-14T12:48:22+00:00\" \/>\n<meta property=\"og:image\" content=\"https:\/\/i0.wp.com\/escamilla.es\/wp-content\/uploads\/2018\/07\/Andaluc\u00eda-Sabor-Aceitunas-Escamilla.jpg?fit=570%2C373&ssl=1\" \/>\n\t<meta property=\"og:image:width\" content=\"570\" \/>\n\t<meta property=\"og:image:height\" content=\"373\" \/>\n\t<meta property=\"og:image:type\" content=\"image\/jpeg\" \/>\n<meta name=\"author\" content=\"@programacion\" \/>\n<meta name=\"twitter:card\" content=\"summary_large_image\" \/>\n<meta name=\"twitter:label1\" content=\"Verfasst von\" \/>\n\t<meta name=\"twitter:data1\" content=\"@programacion\" \/>\n\t<meta name=\"twitter:label2\" content=\"Gesch\u00e4tzte Lesezeit\" \/>\n\t<meta name=\"twitter:data2\" content=\"3\u00a0Minuten\" \/>\n<script type=\"application\/ld+json\" class=\"yoast-schema-graph\">{\"@context\":\"https:\/\/schema.org\",\"@graph\":[{\"@type\":\"Article\",\"@id\":\"https:\/\/escamilla.es\/andalucia-sabor-y-escamilla\/#article\",\"isPartOf\":{\"@id\":\"https:\/\/escamilla.es\/andalucia-sabor-y-escamilla\/\"},\"author\":{\"name\":\"@programacion\",\"@id\":\"https:\/\/escamilla.es\/es_es\/#\/schema\/person\/02bb0f020eaecff3f22c205e6ace4e1a\"},\"headline\":\"Aceitunas Escamilla estar\u00e1 en Andaluc\u00eda Sabor 2017 \u00a1El evento agroalimentario y pesquero del a\u00f1o!\",\"datePublished\":\"2017-09-06T10:05:25+00:00\",\"dateModified\":\"2022-12-14T12:48:22+00:00\",\"mainEntityOfPage\":{\"@id\":\"https:\/\/escamilla.es\/andalucia-sabor-y-escamilla\/\"},\"wordCount\":534,\"commentCount\":0,\"publisher\":{\"@id\":\"https:\/\/escamilla.es\/es_es\/#organization\"},\"image\":{\"@id\":\"https:\/\/escamilla.es\/andalucia-sabor-y-escamilla\/#primaryimage\"},\"thumbnailUrl\":\"https:\/\/escamilla.es\/wp-content\/uploads\/2018\/07\/Andaluc\u00eda-Sabor-Aceitunas-Escamilla.jpg\",\"articleSection\":[\"Blog\"],\"inLanguage\":\"de\",\"potentialAction\":[{\"@type\":\"CommentAction\",\"name\":\"Comment\",\"target\":[\"https:\/\/escamilla.es\/andalucia-sabor-y-escamilla\/#respond\"]}]},{\"@type\":\"WebPage\",\"@id\":\"https:\/\/escamilla.es\/andalucia-sabor-y-escamilla\/\",\"url\":\"https:\/\/escamilla.es\/andalucia-sabor-y-escamilla\/\",\"name\":\"Aceitunas Escamilla estar\u00e1 en Andaluc\u00eda Sabor 2017 \u00a1El evento agroalimentario y pesquero del a\u00f1o! - Escamilla\",\"isPartOf\":{\"@id\":\"https:\/\/escamilla.es\/es_es\/#website\"},\"primaryImageOfPage\":{\"@id\":\"https:\/\/escamilla.es\/andalucia-sabor-y-escamilla\/#primaryimage\"},\"image\":{\"@id\":\"https:\/\/escamilla.es\/andalucia-sabor-y-escamilla\/#primaryimage\"},\"thumbnailUrl\":\"https:\/\/escamilla.es\/wp-content\/uploads\/2018\/07\/Andaluc\u00eda-Sabor-Aceitunas-Escamilla.jpg\",\"datePublished\":\"2017-09-06T10:05:25+00:00\",\"dateModified\":\"2022-12-14T12:48:22+00:00\",\"description\":\"El mejor evento agroalimentario Andaluc\u00eda Sabor 2017. Aceitunas Escamilla no puede perderse esta cita. Puedes encontrarnos en el stand 209 1\u00aa Planta\",\"breadcrumb\":{\"@id\":\"https:\/\/escamilla.es\/andalucia-sabor-y-escamilla\/#breadcrumb\"},\"inLanguage\":\"de\",\"potentialAction\":[{\"@type\":\"ReadAction\",\"target\":[\"https:\/\/escamilla.es\/andalucia-sabor-y-escamilla\/\"]}]},{\"@type\":\"ImageObject\",\"inLanguage\":\"de\",\"@id\":\"https:\/\/escamilla.es\/andalucia-sabor-y-escamilla\/#primaryimage\",\"url\":\"https:\/\/escamilla.es\/wp-content\/uploads\/2018\/07\/Andaluc\u00eda-Sabor-Aceitunas-Escamilla.jpg\",\"contentUrl\":\"https:\/\/escamilla.es\/wp-content\/uploads\/2018\/07\/Andaluc\u00eda-Sabor-Aceitunas-Escamilla.jpg\",\"width\":570,\"height\":373},{\"@type\":\"BreadcrumbList\",\"@id\":\"https:\/\/escamilla.es\/andalucia-sabor-y-escamilla\/#breadcrumb\",\"itemListElement\":[{\"@type\":\"ListItem\",\"position\":1,\"name\":\"Portada\",\"item\":\"https:\/\/escamilla.es\/es_es\/\"},{\"@type\":\"ListItem\",\"position\":2,\"name\":\"Blog\",\"item\":\"https:\/\/escamilla.es\/es_es\/category\/blog\/\"},{\"@type\":\"ListItem\",\"position\":3,\"name\":\"Aceitunas Escamilla estar\u00e1 en Andaluc\u00eda Sabor 2017 \u00a1El evento agroalimentario y pesquero del a\u00f1o!\"}]},{\"@type\":\"WebSite\",\"@id\":\"https:\/\/escamilla.es\/es_es\/#website\",\"url\":\"https:\/\/escamilla.es\/es_es\/\",\"name\":\"Escamilla\",\"description\":\"\",\"publisher\":{\"@id\":\"https:\/\/escamilla.es\/es_es\/#organization\"},\"potentialAction\":[{\"@type\":\"SearchAction\",\"target\":{\"@type\":\"EntryPoint\",\"urlTemplate\":\"https:\/\/escamilla.es\/es_es\/?s={search_term_string}\"},\"query-input\":{\"@type\":\"PropertyValueSpecification\",\"valueRequired\":true,\"valueName\":\"search_term_string\"}}],\"inLanguage\":\"de\"},{\"@type\":\"Organization\",\"@id\":\"https:\/\/escamilla.es\/es_es\/#organization\",\"name\":\"Escamilla\",\"url\":\"https:\/\/escamilla.es\/es_es\/\",\"logo\":{\"@type\":\"ImageObject\",\"inLanguage\":\"de\",\"@id\":\"https:\/\/escamilla.es\/es_es\/#\/schema\/logo\/image\/\",\"url\":\"https:\/\/escamilla.es\/wp-content\/uploads\/2022\/03\/admin-ajax.jpg\",\"contentUrl\":\"https:\/\/escamilla.es\/wp-content\/uploads\/2022\/03\/admin-ajax.jpg\",\"width\":100,\"height\":26,\"caption\":\"Escamilla\"},\"image\":{\"@id\":\"https:\/\/escamilla.es\/es_es\/#\/schema\/logo\/image\/\"}},{\"@type\":\"Person\",\"@id\":\"https:\/\/escamilla.es\/es_es\/#\/schema\/person\/02bb0f020eaecff3f22c205e6ace4e1a\",\"name\":\"@programacion\",\"image\":{\"@type\":\"ImageObject\",\"inLanguage\":\"de\",\"@id\":\"https:\/\/escamilla.es\/es_es\/#\/schema\/person\/image\/\",\"url\":\"https:\/\/secure.gravatar.com\/avatar\/a5806cb0617e875b9acc82fba89175169764be9cad8d28cdf9bb50b34f9ceadd?s=96&d=mm&r=g\",\"contentUrl\":\"https:\/\/secure.gravatar.com\/avatar\/a5806cb0617e875b9acc82fba89175169764be9cad8d28cdf9bb50b34f9ceadd?s=96&d=mm&r=g\",\"caption\":\"@programacion\"},\"sameAs\":[\"https:\/\/tienda.escamilla.es\"],\"url\":\"https:\/\/escamilla.es\/de\/author\/programacion\/\"}]}<\/script>\n<!-- \/ Yoast SEO plugin. -->","yoast_head_json":{"title":"Aceitunas Escamilla estar\u00e1 en Andaluc\u00eda Sabor 2017 \u00a1El evento agroalimentario y pesquero del a\u00f1o! - Escamilla","description":"El mejor evento agroalimentario Andaluc\u00eda Sabor 2017. Aceitunas Escamilla no puede perderse esta cita. Puedes encontrarnos en el stand 209 1\u00aa Planta","robots":{"index":"index","follow":"follow","max-snippet":"max-snippet:-1","max-image-preview":"max-image-preview:large","max-video-preview":"max-video-preview:-1"},"canonical":"https:\/\/escamilla.es\/de\/andalucia-sabor-y-escamilla\/","og_locale":"de_DE","og_type":"article","og_title":"Aceitunas Escamilla estar\u00e1 en Andaluc\u00eda Sabor 2017 \u00a1El evento agroalimentario y pesquero del a\u00f1o! - Escamilla","og_description":"El mejor evento agroalimentario Andaluc\u00eda Sabor 2017. Aceitunas Escamilla no puede perderse esta cita. Puedes encontrarnos en el stand 209 1\u00aa Planta","og_url":"https:\/\/escamilla.es\/de\/andalucia-sabor-y-escamilla\/","og_site_name":"Escamilla","article_published_time":"2017-09-06T10:05:25+00:00","article_modified_time":"2022-12-14T12:48:22+00:00","og_image":[{"width":570,"height":373,"url":"https:\/\/i0.wp.com\/escamilla.es\/wp-content\/uploads\/2018\/07\/Andaluc\u00eda-Sabor-Aceitunas-Escamilla.jpg?fit=570%2C373&ssl=1","type":"image\/jpeg"}],"author":"@programacion","twitter_card":"summary_large_image","twitter_misc":{"Verfasst von":"@programacion","Gesch\u00e4tzte Lesezeit":"3\u00a0Minuten"},"schema":{"@context":"https:\/\/schema.org","@graph":[{"@type":"Article","@id":"https:\/\/escamilla.es\/andalucia-sabor-y-escamilla\/#article","isPartOf":{"@id":"https:\/\/escamilla.es\/andalucia-sabor-y-escamilla\/"},"author":{"name":"@programacion","@id":"https:\/\/escamilla.es\/es_es\/#\/schema\/person\/02bb0f020eaecff3f22c205e6ace4e1a"},"headline":"Aceitunas Escamilla estar\u00e1 en Andaluc\u00eda Sabor 2017 \u00a1El evento agroalimentario y pesquero del a\u00f1o!","datePublished":"2017-09-06T10:05:25+00:00","dateModified":"2022-12-14T12:48:22+00:00","mainEntityOfPage":{"@id":"https:\/\/escamilla.es\/andalucia-sabor-y-escamilla\/"},"wordCount":534,"commentCount":0,"publisher":{"@id":"https:\/\/escamilla.es\/es_es\/#organization"},"image":{"@id":"https:\/\/escamilla.es\/andalucia-sabor-y-escamilla\/#primaryimage"},"thumbnailUrl":"https:\/\/escamilla.es\/wp-content\/uploads\/2018\/07\/Andaluc\u00eda-Sabor-Aceitunas-Escamilla.jpg","articleSection":["Blog"],"inLanguage":"de","potentialAction":[{"@type":"CommentAction","name":"Comment","target":["https:\/\/escamilla.es\/andalucia-sabor-y-escamilla\/#respond"]}]},{"@type":"WebPage","@id":"https:\/\/escamilla.es\/andalucia-sabor-y-escamilla\/","url":"https:\/\/escamilla.es\/andalucia-sabor-y-escamilla\/","name":"Aceitunas Escamilla estar\u00e1 en Andaluc\u00eda Sabor 2017 \u00a1El evento agroalimentario y pesquero del a\u00f1o! - Escamilla","isPartOf":{"@id":"https:\/\/escamilla.es\/es_es\/#website"},"primaryImageOfPage":{"@id":"https:\/\/escamilla.es\/andalucia-sabor-y-escamilla\/#primaryimage"},"image":{"@id":"https:\/\/escamilla.es\/andalucia-sabor-y-escamilla\/#primaryimage"},"thumbnailUrl":"https:\/\/escamilla.es\/wp-content\/uploads\/2018\/07\/Andaluc\u00eda-Sabor-Aceitunas-Escamilla.jpg","datePublished":"2017-09-06T10:05:25+00:00","dateModified":"2022-12-14T12:48:22+00:00","description":"El mejor evento agroalimentario Andaluc\u00eda Sabor 2017. Aceitunas Escamilla no puede perderse esta cita. Puedes encontrarnos en el stand 209 1\u00aa Planta","breadcrumb":{"@id":"https:\/\/escamilla.es\/andalucia-sabor-y-escamilla\/#breadcrumb"},"inLanguage":"de","potentialAction":[{"@type":"ReadAction","target":["https:\/\/escamilla.es\/andalucia-sabor-y-escamilla\/"]}]},{"@type":"ImageObject","inLanguage":"de","@id":"https:\/\/escamilla.es\/andalucia-sabor-y-escamilla\/#primaryimage","url":"https:\/\/escamilla.es\/wp-content\/uploads\/2018\/07\/Andaluc\u00eda-Sabor-Aceitunas-Escamilla.jpg","contentUrl":"https:\/\/escamilla.es\/wp-content\/uploads\/2018\/07\/Andaluc\u00eda-Sabor-Aceitunas-Escamilla.jpg","width":570,"height":373},{"@type":"BreadcrumbList","@id":"https:\/\/escamilla.es\/andalucia-sabor-y-escamilla\/#breadcrumb","itemListElement":[{"@type":"ListItem","position":1,"name":"Portada","item":"https:\/\/escamilla.es\/es_es\/"},{"@type":"ListItem","position":2,"name":"Blog","item":"https:\/\/escamilla.es\/es_es\/category\/blog\/"},{"@type":"ListItem","position":3,"name":"Aceitunas Escamilla estar\u00e1 en Andaluc\u00eda Sabor 2017 \u00a1El evento agroalimentario y pesquero del a\u00f1o!"}]},{"@type":"WebSite","@id":"https:\/\/escamilla.es\/es_es\/#website","url":"https:\/\/escamilla.es\/es_es\/","name":"Escamilla","description":"","publisher":{"@id":"https:\/\/escamilla.es\/es_es\/#organization"},"potentialAction":[{"@type":"SearchAction","target":{"@type":"EntryPoint","urlTemplate":"https:\/\/escamilla.es\/es_es\/?s={search_term_string}"},"query-input":{"@type":"PropertyValueSpecification","valueRequired":true,"valueName":"search_term_string"}}],"inLanguage":"de"},{"@type":"Organization","@id":"https:\/\/escamilla.es\/es_es\/#organization","name":"Escamilla","url":"https:\/\/escamilla.es\/es_es\/","logo":{"@type":"ImageObject","inLanguage":"de","@id":"https:\/\/escamilla.es\/es_es\/#\/schema\/logo\/image\/","url":"https:\/\/escamilla.es\/wp-content\/uploads\/2022\/03\/admin-ajax.jpg","contentUrl":"https:\/\/escamilla.es\/wp-content\/uploads\/2022\/03\/admin-ajax.jpg","width":100,"height":26,"caption":"Escamilla"},"image":{"@id":"https:\/\/escamilla.es\/es_es\/#\/schema\/logo\/image\/"}},{"@type":"Person","@id":"https:\/\/escamilla.es\/es_es\/#\/schema\/person\/02bb0f020eaecff3f22c205e6ace4e1a","name":"@programacion","image":{"@type":"ImageObject","inLanguage":"de","@id":"https:\/\/escamilla.es\/es_es\/#\/schema\/person\/image\/","url":"https:\/\/secure.gravatar.com\/avatar\/a5806cb0617e875b9acc82fba89175169764be9cad8d28cdf9bb50b34f9ceadd?s=96&d=mm&r=g","contentUrl":"https:\/\/secure.gravatar.com\/avatar\/a5806cb0617e875b9acc82fba89175169764be9cad8d28cdf9bb50b34f9ceadd?s=96&d=mm&r=g","caption":"@programacion"},"sameAs":["https:\/\/tienda.escamilla.es"],"url":"https:\/\/escamilla.es\/de\/author\/programacion\/"}]}},"jetpack_featured_media_url":"https:\/\/escamilla.es\/wp-content\/uploads\/2018\/07\/Andaluc\u00eda-Sabor-Aceitunas-Escamilla.jpg","_links":{"self":[{"href":"https:\/\/escamilla.es\/de\/wp-json\/wp\/v2\/posts\/10897","targetHints":{"allow":["GET"]}}],"collection":[{"href":"https:\/\/escamilla.es\/de\/wp-json\/wp\/v2\/posts"}],"about":[{"href":"https:\/\/escamilla.es\/de\/wp-json\/wp\/v2\/types\/post"}],"author":[{"embeddable":true,"href":"https:\/\/escamilla.es\/de\/wp-json\/wp\/v2\/users\/1"}],"replies":[{"embeddable":true,"href":"https:\/\/escamilla.es\/de\/wp-json\/wp\/v2\/comments?post=10897"}],"version-history":[{"count":3,"href":"https:\/\/escamilla.es\/de\/wp-json\/wp\/v2\/posts\/10897\/revisions"}],"predecessor-version":[{"id":12058,"href":"https:\/\/escamilla.es\/de\/wp-json\/wp\/v2\/posts\/10897\/revisions\/12058"}],"wp:featuredmedia":[{"embeddable":true,"href":"https:\/\/escamilla.es\/de\/wp-json\/wp\/v2\/media\/10898"}],"wp:attachment":[{"href":"https:\/\/escamilla.es\/de\/wp-json\/wp\/v2\/media?parent=10897"}],"wp:term":[{"taxonomy":"category","embeddable":true,"href":"https:\/\/escamilla.es\/de\/wp-json\/wp\/v2\/categories?post=10897"},{"taxonomy":"post_tag","embeddable":true,"href":"https:\/\/escamilla.es\/de\/wp-json\/wp\/v2\/tags?post=10897"}],"curies":[{"name":"wp","href":"https:\/\/api.w.org\/{rel}","templated":true}]}}