{"id":11438,"date":"2022-06-05T08:18:00","date_gmt":"2022-06-05T08:18:00","guid":{"rendered":"https:\/\/tienda.escamilla.es\/?p=11438"},"modified":"2022-06-24T07:30:20","modified_gmt":"2022-06-24T07:30:20","slug":"aceitunas-alinadas","status":"publish","type":"post","link":"https:\/\/escamilla.es\/de\/aceitunas-alinadas\/","title":{"rendered":"Wie bereitet man Oliven in Oliven\u00f6l zu?"},"content":{"rendered":"<div data-elementor-type=\"wp-post\" data-elementor-id=\"11438\" class=\"elementor elementor-11438\" data-elementor-post-type=\"post\">\n\t\t\t\t\t\t<section class=\"elementor-section elementor-top-section elementor-element elementor-element-443b4ccb elementor-section-boxed elementor-section-height-default elementor-section-height-default wd-section-disabled\" data-id=\"443b4ccb\" data-element_type=\"section\">\n\t\t\t\t\t\t<div class=\"elementor-container elementor-column-gap-default\">\n\t\t\t\t\t<div class=\"elementor-column elementor-col-100 elementor-top-column elementor-element elementor-element-55b2d207\" data-id=\"55b2d207\" data-element_type=\"column\">\n\t\t\t<div class=\"elementor-widget-wrap elementor-element-populated\">\n\t\t\t\t\t\t<div class=\"elementor-element elementor-element-53c42e33 color-scheme-inherit text-left elementor-widget elementor-widget-text-editor\" data-id=\"53c42e33\" data-element_type=\"widget\" data-widget_type=\"text-editor.default\">\n\t\t\t\t<div class=\"elementor-widget-container\">\n\t\t\t\t\t\t\t<p>Die <strong>angemachte Oliven<\/strong> sind die <a href=\"https:\/\/tienda.escamilla.es\/alinos-y-encurtidos\/\"><strong>Aperitif par excellence<\/strong><\/a> die jede spanische Familie vor dem gemeinsamen Mittag- oder Abendessen genie\u00dft. Sie gelingen immer, sie werden von den J\u00fcngsten und den \u00c4ltesten geliebt, sie sind <strong>lecker und sehr gesund<\/strong>. Dar\u00fcber hinaus k\u00f6nnen sie in folgende Bereiche integriert werden <strong>jede Di\u00e4t<\/strong>wegen seiner vielf\u00e4ltigen Vorteile.<\/p>\t\t\t\t\t\t<\/div>\n\t\t\t\t<\/div>\n\t\t\t\t\t<\/div>\n\t\t<\/div>\n\t\t\t\t\t<\/div>\n\t\t<\/section>\n\t\t\t\t<section class=\"elementor-section elementor-top-section elementor-element elementor-element-fa97d1c elementor-section-boxed elementor-section-height-default elementor-section-height-default wd-section-disabled\" data-id=\"fa97d1c\" data-element_type=\"section\">\n\t\t\t\t\t\t<div class=\"elementor-container elementor-column-gap-default\">\n\t\t\t\t\t<div class=\"elementor-column elementor-col-50 elementor-top-column elementor-element elementor-element-4e7cb56\" data-id=\"4e7cb56\" data-element_type=\"column\">\n\t\t\t<div class=\"elementor-widget-wrap elementor-element-populated\">\n\t\t\t\t\t\t<div class=\"elementor-element elementor-element-27d4072 color-scheme-inherit text-left elementor-widget elementor-widget-text-editor\" data-id=\"27d4072\" data-element_type=\"widget\" data-widget_type=\"text-editor.default\">\n\t\t\t\t<div class=\"elementor-widget-container\">\n\t\t\t\t\t\t\t<h2><strong>ARTEN VON ESCAMILLA-OLIVEN IM DRESSING:<\/strong><\/h2><p><strong>Traditionelles Dressing<\/strong>Eine Vielzahl sorgf\u00e4ltig ausgew\u00e4hlter mediterraner Gew\u00fcrze macht dieses Rezept zu einer echten Delikatesse voller Aromen und Nuancen, die s\u00fcchtig macht.<\/p><p><strong>Kanarischer Mojo Canario Dressing<\/strong>Es handelt sich um ein typisches Rezept der Kanarischen Inseln, das unseren Sorten einen zus\u00e4tzlichen Wert verleiht. Es handelt sich um eine dickere, vollmundige Sauce mit einer Vielzahl von Gew\u00fcrzen, darunter Paprika, die diese k\u00f6stliche Sauce zu einem einzigartigen Gericht machen. Dazu passen Gordal-Oliven und violette Manzanilla-Oliven (oder Farbwechsel-Oliven) in ihrem optimalen Reifezustand.<\/p><p><strong>Gro\u00dfmutters Rezept Dressing<\/strong>Hier geht es um <strong>unser bekanntestes Gew\u00fcrz.<\/strong> Seine Inhaltsstoffe umfassen <strong>mit Knoblauch und Gew\u00fcrzen<\/strong>was ihm eine sehr leichte Note verleiht <strong>w\u00fcrzig und f\u00fchrt uns zur\u00fcck zu den \u00e4ltesten andalusischen Rezepten.<\/strong> Dieses Dressing ist <strong>Marine mit den Verdial-Sorten, <\/strong>perfekt, weil er saftig ist und mit dem <strong>Sorte Gordal,<\/strong> f\u00fcr unsere anspruchsvollsten Kunden.<\/p><p><strong>Oliven mit Sardellen-Aroma-Dressing<\/strong>Ein Hauch von Meer, der Sardellengeschmack durchdringt die Oliven und macht sie perfekt f\u00fcr die Kombination mit unseren Manzanilla-Oliven. Ihr frischer Geschmack wird Sie nicht gleichg\u00fcltig lassen.<\/p><p><strong>Salzarme angemachte Oliven<\/strong>Speziell gew\u00fcrzt, um unserem Katalog eine leichte und weiche Note zu verleihen. Ideal, um Ihren Rezepten eine andere und subtile Note zu verleihen.<\/p>\t\t\t\t\t\t<\/div>\n\t\t\t\t<\/div>\n\t\t\t\t<div class=\"elementor-element elementor-element-8c17063 elementor-hidden-mobile elementor-widget elementor-widget-spacer\" data-id=\"8c17063\" data-element_type=\"widget\" data-widget_type=\"spacer.default\">\n\t\t\t\t<div class=\"elementor-widget-container\">\n\t\t\t\t\t<div class=\"elementor-spacer\">\n\t\t\t<div class=\"elementor-spacer-inner\"><\/div>\n\t\t<\/div>\n\t\t\t\t<\/div>\n\t\t\t\t<\/div>\n\t\t\t\t\t<\/div>\n\t\t<\/div>\n\t\t\t\t<div class=\"elementor-column elementor-col-50 elementor-top-column elementor-element elementor-element-f8239a7\" data-id=\"f8239a7\" data-element_type=\"column\">\n\t\t\t<div class=\"elementor-widget-wrap elementor-element-populated\">\n\t\t\t\t\t\t<div class=\"elementor-element elementor-element-7048f2e elementor-hidden-tablet elementor-hidden-mobile elementor-widget elementor-widget-spacer\" data-id=\"7048f2e\" data-element_type=\"widget\" data-widget_type=\"spacer.default\">\n\t\t\t\t<div class=\"elementor-widget-container\">\n\t\t\t\t\t<div class=\"elementor-spacer\">\n\t\t\t<div class=\"elementor-spacer-inner\"><\/div>\n\t\t<\/div>\n\t\t\t\t<\/div>\n\t\t\t\t<\/div>\n\t\t\t\t<div class=\"elementor-element elementor-element-33557ef elementor-widget elementor-widget-image\" data-id=\"33557ef\" data-element_type=\"widget\" data-widget_type=\"image.default\">\n\t\t\t\t<div class=\"elementor-widget-container\">\n\t\t\t\t\t\t\t\t\t\t\t\t\t<img fetchpriority=\"high\" decoding=\"async\" width=\"800\" height=\"532\" src=\"https:\/\/escamilla.es\/wp-content\/uploads\/2022\/04\/especias.png\" class=\"attachment-large size-large wp-image-10326\" alt=\"Aceitunas ali\u00f1adas\" srcset=\"https:\/\/escamilla.es\/wp-content\/uploads\/2022\/04\/especias.png 800w, https:\/\/escamilla.es\/wp-content\/uploads\/2022\/04\/especias-400x266.png 400w, https:\/\/escamilla.es\/wp-content\/uploads\/2022\/04\/especias-768x511.png 768w, https:\/\/escamilla.es\/wp-content\/uploads\/2022\/04\/especias-430x286.png 430w, https:\/\/escamilla.es\/wp-content\/uploads\/2022\/04\/especias-700x466.png 700w, https:\/\/escamilla.es\/wp-content\/uploads\/2022\/04\/especias-150x100.png 150w\" sizes=\"(max-width: 800px) 100vw, 800px\" \/>\t\t\t\t\t\t\t\t\t\t\t\t\t<\/div>\n\t\t\t\t<\/div>\n\t\t\t\t\t<\/div>\n\t\t<\/div>\n\t\t\t\t\t<\/div>\n\t\t<\/section>\n\t\t\t\t<section class=\"elementor-section elementor-top-section elementor-element elementor-element-4b66c3c elementor-section-stretched elementor-section-boxed elementor-section-height-default elementor-section-height-default wd-section-disabled\" data-id=\"4b66c3c\" data-element_type=\"section\" data-settings=\"{&quot;stretch_section&quot;:&quot;section-stretched&quot;,&quot;background_background&quot;:&quot;classic&quot;}\">\n\t\t\t\t\t\t<div class=\"elementor-container elementor-column-gap-default\">\n\t\t\t\t\t<div class=\"elementor-column elementor-col-100 elementor-top-column elementor-element elementor-element-5edfe54\" data-id=\"5edfe54\" data-element_type=\"column\">\n\t\t\t<div class=\"elementor-widget-wrap elementor-element-populated\">\n\t\t\t\t\t\t<div class=\"elementor-element elementor-element-26a8aa6 color-scheme-inherit text-left elementor-widget elementor-widget-text-editor\" data-id=\"26a8aa6\" data-element_type=\"widget\" data-widget_type=\"text-editor.default\">\n\t\t\t\t<div class=\"elementor-widget-container\">\n\t\t\t\t\t\t\t<h2><span style=\"color: #ffffff;\"><strong>ZUTATEN F\u00dcR DAS OLIVENDRESSING<\/strong><\/span><\/h2>\t\t\t\t\t\t<\/div>\n\t\t\t\t<\/div>\n\t\t\t\t\t<\/div>\n\t\t<\/div>\n\t\t\t\t\t<\/div>\n\t\t<\/section>\n\t\t\t\t<section class=\"elementor-section elementor-top-section elementor-element elementor-element-bf5e4e2 elementor-section-stretched elementor-section-boxed elementor-section-height-default elementor-section-height-default wd-section-disabled\" data-id=\"bf5e4e2\" data-element_type=\"section\" data-settings=\"{&quot;stretch_section&quot;:&quot;section-stretched&quot;,&quot;background_background&quot;:&quot;classic&quot;}\">\n\t\t\t\t\t\t<div class=\"elementor-container elementor-column-gap-default\">\n\t\t\t\t\t<div class=\"elementor-column elementor-col-100 elementor-top-column elementor-element elementor-element-fa14bda\" data-id=\"fa14bda\" data-element_type=\"column\">\n\t\t\t<div class=\"elementor-widget-wrap elementor-element-populated\">\n\t\t\t\t\t\t<div class=\"elementor-element elementor-element-056f348 color-scheme-inherit text-left elementor-widget elementor-widget-text-editor\" data-id=\"056f348\" data-element_type=\"widget\" data-widget_type=\"text-editor.default\">\n\t\t\t\t<div class=\"elementor-widget-container\">\n\t\t\t\t\t\t\t<p>Die besten Zutaten f\u00fcr die Durchf\u00fchrung der <strong>Oliven sind: <\/strong>Oliven, Salz, Wasser, Knoblauch, Kr\u00e4uter (Thymian, Rosmarin, Oregano, Lorbeer, Fenchel, Minze, Orangenschalen), Zwiebel, Paprika, Wei\u00dfwein, Wei\u00dfweinessig, natives Oliven\u00f6l extra und andere. Man kann auch Chili, Thymian, Koriander oder Ingwer verwenden, je nachdem, welche Aromen man in ihrer Tiefe herausschmecken m\u00f6chte.<\/p>\t\t\t\t\t\t<\/div>\n\t\t\t\t<\/div>\n\t\t\t\t\t<\/div>\n\t\t<\/div>\n\t\t\t\t\t<\/div>\n\t\t<\/section>\n\t\t\t\t<section class=\"elementor-section elementor-top-section elementor-element elementor-element-904d562 elementor-section-boxed elementor-section-height-default elementor-section-height-default wd-section-disabled\" data-id=\"904d562\" data-element_type=\"section\">\n\t\t\t\t\t\t<div class=\"elementor-container elementor-column-gap-default\">\n\t\t\t\t\t<div class=\"elementor-column elementor-col-50 elementor-top-column elementor-element elementor-element-9db9a3b\" data-id=\"9db9a3b\" data-element_type=\"column\">\n\t\t\t<div class=\"elementor-widget-wrap elementor-element-populated\">\n\t\t\t\t\t\t<div class=\"elementor-element elementor-element-c6f5e3a elementor-widget elementor-widget-spacer\" data-id=\"c6f5e3a\" data-element_type=\"widget\" data-widget_type=\"spacer.default\">\n\t\t\t\t<div class=\"elementor-widget-container\">\n\t\t\t\t\t<div class=\"elementor-spacer\">\n\t\t\t<div class=\"elementor-spacer-inner\"><\/div>\n\t\t<\/div>\n\t\t\t\t<\/div>\n\t\t\t\t<\/div>\n\t\t\t\t<div class=\"elementor-element elementor-element-85d971c color-scheme-inherit text-left elementor-widget elementor-widget-text-editor\" data-id=\"85d971c\" data-element_type=\"widget\" data-widget_type=\"text-editor.default\">\n\t\t\t\t<div class=\"elementor-widget-container\">\n\t\t\t\t\t\t\t<h2><strong>WIE WIRD DIE W\u00dcRZUNG DURCHGEF\u00dcHRT?<\/strong><\/h2><p>Als erstes m\u00fcssen die Oliven gut gewaschen werden, damit sich keine R\u00fcckst\u00e4nde von au\u00dfen mit der Zubereitung verbinden. Dann m\u00fcssen wir die Oliven f\u00fcr jeweils 15 Tage in einen Beh\u00e4lter mit Wasser legen. Wichtig ist auch, dass <strong>Wechseln Sie das Wasser t\u00e4glich, um sie gut durchzusp\u00fclen.<\/strong><\/p><p>\u00a0<\/p><p>Nach dieser Zeit ist es Zeit, die Oliven zu w\u00fcrzen. Geben Sie alle oder einige der oben genannten Gew\u00fcrze in eine gro\u00dfe Sch\u00fcssel und achten Sie darauf, dass sie die gesamte Schale der Oliven bedecken. Wir f\u00fcgen eine Salzlake (2 Essl\u00f6ffel Salz und 1 Tasse Weinessig auf einen Liter Wasser) und zwei Essl\u00f6ffel Oliven\u00f6l hinzu. <strong>seinen Geschmack zu intensivieren.<\/strong><\/p><p>Danach gilt es nur noch, sich mit Geduld und Eifer zu wappnen.<strong>Warten Sie 60 Tage, bevor Sie ganze Oliven verzehren.<\/strong>. Das mag wie eine lange Zeit erscheinen, aber ehrlich gesagt lohnt sich das Warten. <strong>Dies ist nur eine von Hunderten von M\u00f6glichkeiten, Oliven zuzubereiten.<\/strong>. Aber egal, welche Methode man anwendet, das Ergebnis ist immer dasselbe: k\u00f6stliche Oliven.<\/p><p>\u00a0<\/p>\t\t\t\t\t\t<\/div>\n\t\t\t\t<\/div>\n\t\t\t\t\t<\/div>\n\t\t<\/div>\n\t\t\t\t<div class=\"elementor-column elementor-col-50 elementor-top-column elementor-element elementor-element-c08ade5\" data-id=\"c08ade5\" data-element_type=\"column\">\n\t\t\t<div class=\"elementor-widget-wrap elementor-element-populated\">\n\t\t\t\t\t\t<div class=\"elementor-element elementor-element-96bead0 elementor-widget elementor-widget-spacer\" data-id=\"96bead0\" data-element_type=\"widget\" data-widget_type=\"spacer.default\">\n\t\t\t\t<div class=\"elementor-widget-container\">\n\t\t\t\t\t<div class=\"elementor-spacer\">\n\t\t\t<div class=\"elementor-spacer-inner\"><\/div>\n\t\t<\/div>\n\t\t\t\t<\/div>\n\t\t\t\t<\/div>\n\t\t\t\t<div class=\"elementor-element elementor-element-e6616ed elementor-hidden-mobile elementor-widget elementor-widget-spacer\" data-id=\"e6616ed\" data-element_type=\"widget\" data-widget_type=\"spacer.default\">\n\t\t\t\t<div class=\"elementor-widget-container\">\n\t\t\t\t\t<div class=\"elementor-spacer\">\n\t\t\t<div class=\"elementor-spacer-inner\"><\/div>\n\t\t<\/div>\n\t\t\t\t<\/div>\n\t\t\t\t<\/div>\n\t\t\t\t<div class=\"elementor-element elementor-element-ad214cc elementor-widget elementor-widget-image\" data-id=\"ad214cc\" data-element_type=\"widget\" data-widget_type=\"image.default\">\n\t\t\t\t<div class=\"elementor-widget-container\">\n\t\t\t\t\t\t\t\t\t\t\t\t\t<img decoding=\"async\" width=\"800\" height=\"528\" src=\"https:\/\/escamilla.es\/wp-content\/uploads\/2022\/04\/especias-mesa.png\" class=\"attachment-large size-large wp-image-10342\" alt=\"Aceitunas Ali\u00f1adas\" srcset=\"https:\/\/escamilla.es\/wp-content\/uploads\/2022\/04\/especias-mesa.png 800w, https:\/\/escamilla.es\/wp-content\/uploads\/2022\/04\/especias-mesa-400x264.png 400w, https:\/\/escamilla.es\/wp-content\/uploads\/2022\/04\/especias-mesa-768x507.png 768w, https:\/\/escamilla.es\/wp-content\/uploads\/2022\/04\/especias-mesa-430x284.png 430w, https:\/\/escamilla.es\/wp-content\/uploads\/2022\/04\/especias-mesa-700x462.png 700w, https:\/\/escamilla.es\/wp-content\/uploads\/2022\/04\/especias-mesa-150x99.png 150w\" sizes=\"(max-width: 800px) 100vw, 800px\" \/>\t\t\t\t\t\t\t\t\t\t\t\t\t<\/div>\n\t\t\t\t<\/div>\n\t\t\t\t\t<\/div>\n\t\t<\/div>\n\t\t\t\t\t<\/div>\n\t\t<\/section>\n\t\t\t\t<\/div>","protected":false},"excerpt":{"rendered":"<p>Oliven in Olivendressing sind der Inbegriff einer Vorspeise, die jede spanische Familie vor einem gemeinsamen Essen oder einem Essen mit Freunden genie\u00dft.<\/p>","protected":false},"author":3,"featured_media":10326,"comment_status":"open","ping_status":"open","sticky":false,"template":"elementor_theme","format":"standard","meta":{"footnotes":""},"categories":[98,1],"tags":[],"class_list":["post-11438","post","type-post","status-publish","format-standard","has-post-thumbnail","hentry","category-blog","category-sin-categorizar"],"yoast_head":"<!-- This site is optimized with the Yoast SEO plugin v23.4 - https:\/\/yoast.com\/wordpress\/plugins\/seo\/ -->\n<title>\u00bfC\u00f3mo Llevar a cabo las Aceitunas Ali\u00f1adas? | Escamilla<\/title>\n<meta name=\"description\" content=\"Las aceitunas ali\u00f1adas son el aperitivo por antonomasia que cualquier familia espa\u00f1ola degusta antes de compartir un almuerzo o una cena.\" \/>\n<meta name=\"robots\" content=\"index, follow, max-snippet:-1, max-image-preview:large, max-video-preview:-1\" \/>\n<link rel=\"canonical\" href=\"https:\/\/escamilla.es\/de\/aceitunas-alinadas\/\" \/>\n<meta property=\"og:locale\" content=\"de_DE\" \/>\n<meta property=\"og:type\" content=\"article\" \/>\n<meta property=\"og:title\" content=\"\u00bfC\u00f3mo Llevar a cabo las Aceitunas Ali\u00f1adas? | Escamilla\" \/>\n<meta property=\"og:description\" content=\"Las aceitunas ali\u00f1adas son el aperitivo por antonomasia que cualquier familia espa\u00f1ola degusta antes de compartir un almuerzo o una cena.\" \/>\n<meta property=\"og:url\" content=\"https:\/\/escamilla.es\/de\/aceitunas-alinadas\/\" \/>\n<meta property=\"og:site_name\" content=\"Escamilla\" \/>\n<meta property=\"article:published_time\" content=\"2022-06-05T08:18:00+00:00\" \/>\n<meta property=\"article:modified_time\" content=\"2022-06-24T07:30:20+00:00\" \/>\n<meta property=\"og:image\" content=\"https:\/\/i0.wp.com\/escamilla.es\/wp-content\/uploads\/2022\/04\/especias.png?fit=800%2C532&ssl=1\" \/>\n\t<meta property=\"og:image:width\" content=\"800\" \/>\n\t<meta property=\"og:image:height\" content=\"532\" \/>\n\t<meta property=\"og:image:type\" content=\"image\/png\" \/>\n<meta name=\"author\" content=\"@comunicacion\" \/>\n<meta name=\"twitter:card\" content=\"summary_large_image\" \/>\n<meta name=\"twitter:label1\" content=\"Verfasst von\" \/>\n\t<meta name=\"twitter:data1\" content=\"@comunicacion\" \/>\n\t<meta name=\"twitter:label2\" content=\"Gesch\u00e4tzte Lesezeit\" \/>\n\t<meta name=\"twitter:data2\" content=\"3\u00a0Minuten\" \/>\n<script type=\"application\/ld+json\" class=\"yoast-schema-graph\">{\"@context\":\"https:\/\/schema.org\",\"@graph\":[{\"@type\":\"Article\",\"@id\":\"https:\/\/escamilla.es\/aceitunas-alinadas\/#article\",\"isPartOf\":{\"@id\":\"https:\/\/escamilla.es\/aceitunas-alinadas\/\"},\"author\":{\"name\":\"@comunicacion\",\"@id\":\"https:\/\/escamilla.es\/es_es\/#\/schema\/person\/932dd29ad2e73a7fb3ff7e1f54703427\"},\"headline\":\"\u00bfC\u00f3mo Llevar a cabo las Aceitunas Ali\u00f1adas?\",\"datePublished\":\"2022-06-05T08:18:00+00:00\",\"dateModified\":\"2022-06-24T07:30:20+00:00\",\"mainEntityOfPage\":{\"@id\":\"https:\/\/escamilla.es\/aceitunas-alinadas\/\"},\"wordCount\":567,\"commentCount\":0,\"publisher\":{\"@id\":\"https:\/\/escamilla.es\/es_es\/#organization\"},\"image\":{\"@id\":\"https:\/\/escamilla.es\/aceitunas-alinadas\/#primaryimage\"},\"thumbnailUrl\":\"https:\/\/escamilla.es\/wp-content\/uploads\/2022\/04\/especias.png\",\"articleSection\":[\"Blog\",\"Sin categorizar\"],\"inLanguage\":\"de\",\"potentialAction\":[{\"@type\":\"CommentAction\",\"name\":\"Comment\",\"target\":[\"https:\/\/escamilla.es\/aceitunas-alinadas\/#respond\"]}]},{\"@type\":\"WebPage\",\"@id\":\"https:\/\/escamilla.es\/aceitunas-alinadas\/\",\"url\":\"https:\/\/escamilla.es\/aceitunas-alinadas\/\",\"name\":\"\u00bfC\u00f3mo Llevar a cabo las Aceitunas Ali\u00f1adas? | Escamilla\",\"isPartOf\":{\"@id\":\"https:\/\/escamilla.es\/es_es\/#website\"},\"primaryImageOfPage\":{\"@id\":\"https:\/\/escamilla.es\/aceitunas-alinadas\/#primaryimage\"},\"image\":{\"@id\":\"https:\/\/escamilla.es\/aceitunas-alinadas\/#primaryimage\"},\"thumbnailUrl\":\"https:\/\/escamilla.es\/wp-content\/uploads\/2022\/04\/especias.png\",\"datePublished\":\"2022-06-05T08:18:00+00:00\",\"dateModified\":\"2022-06-24T07:30:20+00:00\",\"description\":\"Las aceitunas ali\u00f1adas son el aperitivo por antonomasia que cualquier familia espa\u00f1ola degusta antes de compartir un almuerzo o una cena.\",\"breadcrumb\":{\"@id\":\"https:\/\/escamilla.es\/aceitunas-alinadas\/#breadcrumb\"},\"inLanguage\":\"de\",\"potentialAction\":[{\"@type\":\"ReadAction\",\"target\":[\"https:\/\/escamilla.es\/aceitunas-alinadas\/\"]}]},{\"@type\":\"ImageObject\",\"inLanguage\":\"de\",\"@id\":\"https:\/\/escamilla.es\/aceitunas-alinadas\/#primaryimage\",\"url\":\"https:\/\/escamilla.es\/wp-content\/uploads\/2022\/04\/especias.png\",\"contentUrl\":\"https:\/\/escamilla.es\/wp-content\/uploads\/2022\/04\/especias.png\",\"width\":800,\"height\":532,\"caption\":\"Aceitunas ali\u00f1adas\"},{\"@type\":\"BreadcrumbList\",\"@id\":\"https:\/\/escamilla.es\/aceitunas-alinadas\/#breadcrumb\",\"itemListElement\":[{\"@type\":\"ListItem\",\"position\":1,\"name\":\"Portada\",\"item\":\"https:\/\/escamilla.es\/es_es\/\"},{\"@type\":\"ListItem\",\"position\":2,\"name\":\"Blog\",\"item\":\"https:\/\/escamilla.es\/es_es\/category\/blog\/\"},{\"@type\":\"ListItem\",\"position\":3,\"name\":\"\u00bfC\u00f3mo Llevar a cabo las Aceitunas Ali\u00f1adas?\"}]},{\"@type\":\"WebSite\",\"@id\":\"https:\/\/escamilla.es\/es_es\/#website\",\"url\":\"https:\/\/escamilla.es\/es_es\/\",\"name\":\"Escamilla\",\"description\":\"\",\"publisher\":{\"@id\":\"https:\/\/escamilla.es\/es_es\/#organization\"},\"potentialAction\":[{\"@type\":\"SearchAction\",\"target\":{\"@type\":\"EntryPoint\",\"urlTemplate\":\"https:\/\/escamilla.es\/es_es\/?s={search_term_string}\"},\"query-input\":{\"@type\":\"PropertyValueSpecification\",\"valueRequired\":true,\"valueName\":\"search_term_string\"}}],\"inLanguage\":\"de\"},{\"@type\":\"Organization\",\"@id\":\"https:\/\/escamilla.es\/es_es\/#organization\",\"name\":\"Escamilla\",\"url\":\"https:\/\/escamilla.es\/es_es\/\",\"logo\":{\"@type\":\"ImageObject\",\"inLanguage\":\"de\",\"@id\":\"https:\/\/escamilla.es\/es_es\/#\/schema\/logo\/image\/\",\"url\":\"https:\/\/escamilla.es\/wp-content\/uploads\/2022\/03\/admin-ajax.jpg\",\"contentUrl\":\"https:\/\/escamilla.es\/wp-content\/uploads\/2022\/03\/admin-ajax.jpg\",\"width\":100,\"height\":26,\"caption\":\"Escamilla\"},\"image\":{\"@id\":\"https:\/\/escamilla.es\/es_es\/#\/schema\/logo\/image\/\"}},{\"@type\":\"Person\",\"@id\":\"https:\/\/escamilla.es\/es_es\/#\/schema\/person\/932dd29ad2e73a7fb3ff7e1f54703427\",\"name\":\"@comunicacion\",\"image\":{\"@type\":\"ImageObject\",\"inLanguage\":\"de\",\"@id\":\"https:\/\/escamilla.es\/es_es\/#\/schema\/person\/image\/\",\"url\":\"https:\/\/secure.gravatar.com\/avatar\/ebadfa83ab6587f88f54c6ae1178c52cc00e3c78ca96964e9128923dec7876b4?s=96&d=mm&r=g\",\"contentUrl\":\"https:\/\/secure.gravatar.com\/avatar\/ebadfa83ab6587f88f54c6ae1178c52cc00e3c78ca96964e9128923dec7876b4?s=96&d=mm&r=g\",\"caption\":\"@comunicacion\"},\"url\":\"https:\/\/escamilla.es\/de\/author\/comunicacion\/\"}]}<\/script>\n<!-- \/ Yoast SEO plugin. -->","yoast_head_json":{"title":"\u00bfC\u00f3mo Llevar a cabo las Aceitunas Ali\u00f1adas? | Escamilla","description":"Las aceitunas ali\u00f1adas son el aperitivo por antonomasia que cualquier familia espa\u00f1ola degusta antes de compartir un almuerzo o una cena.","robots":{"index":"index","follow":"follow","max-snippet":"max-snippet:-1","max-image-preview":"max-image-preview:large","max-video-preview":"max-video-preview:-1"},"canonical":"https:\/\/escamilla.es\/de\/aceitunas-alinadas\/","og_locale":"de_DE","og_type":"article","og_title":"\u00bfC\u00f3mo Llevar a cabo las Aceitunas Ali\u00f1adas? | Escamilla","og_description":"Las aceitunas ali\u00f1adas son el aperitivo por antonomasia que cualquier familia espa\u00f1ola degusta antes de compartir un almuerzo o una cena.","og_url":"https:\/\/escamilla.es\/de\/aceitunas-alinadas\/","og_site_name":"Escamilla","article_published_time":"2022-06-05T08:18:00+00:00","article_modified_time":"2022-06-24T07:30:20+00:00","og_image":[{"width":800,"height":532,"url":"https:\/\/i0.wp.com\/escamilla.es\/wp-content\/uploads\/2022\/04\/especias.png?fit=800%2C532&ssl=1","type":"image\/png"}],"author":"@comunicacion","twitter_card":"summary_large_image","twitter_misc":{"Verfasst von":"@comunicacion","Gesch\u00e4tzte Lesezeit":"3\u00a0Minuten"},"schema":{"@context":"https:\/\/schema.org","@graph":[{"@type":"Article","@id":"https:\/\/escamilla.es\/aceitunas-alinadas\/#article","isPartOf":{"@id":"https:\/\/escamilla.es\/aceitunas-alinadas\/"},"author":{"name":"@comunicacion","@id":"https:\/\/escamilla.es\/es_es\/#\/schema\/person\/932dd29ad2e73a7fb3ff7e1f54703427"},"headline":"\u00bfC\u00f3mo Llevar a cabo las Aceitunas Ali\u00f1adas?","datePublished":"2022-06-05T08:18:00+00:00","dateModified":"2022-06-24T07:30:20+00:00","mainEntityOfPage":{"@id":"https:\/\/escamilla.es\/aceitunas-alinadas\/"},"wordCount":567,"commentCount":0,"publisher":{"@id":"https:\/\/escamilla.es\/es_es\/#organization"},"image":{"@id":"https:\/\/escamilla.es\/aceitunas-alinadas\/#primaryimage"},"thumbnailUrl":"https:\/\/escamilla.es\/wp-content\/uploads\/2022\/04\/especias.png","articleSection":["Blog","Sin categorizar"],"inLanguage":"de","potentialAction":[{"@type":"CommentAction","name":"Comment","target":["https:\/\/escamilla.es\/aceitunas-alinadas\/#respond"]}]},{"@type":"WebPage","@id":"https:\/\/escamilla.es\/aceitunas-alinadas\/","url":"https:\/\/escamilla.es\/aceitunas-alinadas\/","name":"\u00bfC\u00f3mo Llevar a cabo las Aceitunas Ali\u00f1adas? | Escamilla","isPartOf":{"@id":"https:\/\/escamilla.es\/es_es\/#website"},"primaryImageOfPage":{"@id":"https:\/\/escamilla.es\/aceitunas-alinadas\/#primaryimage"},"image":{"@id":"https:\/\/escamilla.es\/aceitunas-alinadas\/#primaryimage"},"thumbnailUrl":"https:\/\/escamilla.es\/wp-content\/uploads\/2022\/04\/especias.png","datePublished":"2022-06-05T08:18:00+00:00","dateModified":"2022-06-24T07:30:20+00:00","description":"Las aceitunas ali\u00f1adas son el aperitivo por antonomasia que cualquier familia espa\u00f1ola degusta antes de compartir un almuerzo o una cena.","breadcrumb":{"@id":"https:\/\/escamilla.es\/aceitunas-alinadas\/#breadcrumb"},"inLanguage":"de","potentialAction":[{"@type":"ReadAction","target":["https:\/\/escamilla.es\/aceitunas-alinadas\/"]}]},{"@type":"ImageObject","inLanguage":"de","@id":"https:\/\/escamilla.es\/aceitunas-alinadas\/#primaryimage","url":"https:\/\/escamilla.es\/wp-content\/uploads\/2022\/04\/especias.png","contentUrl":"https:\/\/escamilla.es\/wp-content\/uploads\/2022\/04\/especias.png","width":800,"height":532,"caption":"Aceitunas ali\u00f1adas"},{"@type":"BreadcrumbList","@id":"https:\/\/escamilla.es\/aceitunas-alinadas\/#breadcrumb","itemListElement":[{"@type":"ListItem","position":1,"name":"Portada","item":"https:\/\/escamilla.es\/es_es\/"},{"@type":"ListItem","position":2,"name":"Blog","item":"https:\/\/escamilla.es\/es_es\/category\/blog\/"},{"@type":"ListItem","position":3,"name":"\u00bfC\u00f3mo Llevar a cabo las Aceitunas Ali\u00f1adas?"}]},{"@type":"WebSite","@id":"https:\/\/escamilla.es\/es_es\/#website","url":"https:\/\/escamilla.es\/es_es\/","name":"Escamilla","description":"","publisher":{"@id":"https:\/\/escamilla.es\/es_es\/#organization"},"potentialAction":[{"@type":"SearchAction","target":{"@type":"EntryPoint","urlTemplate":"https:\/\/escamilla.es\/es_es\/?s={search_term_string}"},"query-input":{"@type":"PropertyValueSpecification","valueRequired":true,"valueName":"search_term_string"}}],"inLanguage":"de"},{"@type":"Organization","@id":"https:\/\/escamilla.es\/es_es\/#organization","name":"Escamilla","url":"https:\/\/escamilla.es\/es_es\/","logo":{"@type":"ImageObject","inLanguage":"de","@id":"https:\/\/escamilla.es\/es_es\/#\/schema\/logo\/image\/","url":"https:\/\/escamilla.es\/wp-content\/uploads\/2022\/03\/admin-ajax.jpg","contentUrl":"https:\/\/escamilla.es\/wp-content\/uploads\/2022\/03\/admin-ajax.jpg","width":100,"height":26,"caption":"Escamilla"},"image":{"@id":"https:\/\/escamilla.es\/es_es\/#\/schema\/logo\/image\/"}},{"@type":"Person","@id":"https:\/\/escamilla.es\/es_es\/#\/schema\/person\/932dd29ad2e73a7fb3ff7e1f54703427","name":"@comunicacion","image":{"@type":"ImageObject","inLanguage":"de","@id":"https:\/\/escamilla.es\/es_es\/#\/schema\/person\/image\/","url":"https:\/\/secure.gravatar.com\/avatar\/ebadfa83ab6587f88f54c6ae1178c52cc00e3c78ca96964e9128923dec7876b4?s=96&d=mm&r=g","contentUrl":"https:\/\/secure.gravatar.com\/avatar\/ebadfa83ab6587f88f54c6ae1178c52cc00e3c78ca96964e9128923dec7876b4?s=96&d=mm&r=g","caption":"@comunicacion"},"url":"https:\/\/escamilla.es\/de\/author\/comunicacion\/"}]}},"jetpack_featured_media_url":"https:\/\/escamilla.es\/wp-content\/uploads\/2022\/04\/especias.png","_links":{"self":[{"href":"https:\/\/escamilla.es\/de\/wp-json\/wp\/v2\/posts\/11438","targetHints":{"allow":["GET"]}}],"collection":[{"href":"https:\/\/escamilla.es\/de\/wp-json\/wp\/v2\/posts"}],"about":[{"href":"https:\/\/escamilla.es\/de\/wp-json\/wp\/v2\/types\/post"}],"author":[{"embeddable":true,"href":"https:\/\/escamilla.es\/de\/wp-json\/wp\/v2\/users\/3"}],"replies":[{"embeddable":true,"href":"https:\/\/escamilla.es\/de\/wp-json\/wp\/v2\/comments?post=11438"}],"version-history":[{"count":24,"href":"https:\/\/escamilla.es\/de\/wp-json\/wp\/v2\/posts\/11438\/revisions"}],"predecessor-version":[{"id":11499,"href":"https:\/\/escamilla.es\/de\/wp-json\/wp\/v2\/posts\/11438\/revisions\/11499"}],"wp:featuredmedia":[{"embeddable":true,"href":"https:\/\/escamilla.es\/de\/wp-json\/wp\/v2\/media\/10326"}],"wp:attachment":[{"href":"https:\/\/escamilla.es\/de\/wp-json\/wp\/v2\/media?parent=11438"}],"wp:term":[{"taxonomy":"category","embeddable":true,"href":"https:\/\/escamilla.es\/de\/wp-json\/wp\/v2\/categories?post=11438"},{"taxonomy":"post_tag","embeddable":true,"href":"https:\/\/escamilla.es\/de\/wp-json\/wp\/v2\/tags?post=11438"}],"curies":[{"name":"wp","href":"https:\/\/api.w.org\/{rel}","templated":true}]}}