{"id":10897,"date":"2017-09-06T10:05:25","date_gmt":"2017-09-06T10:05:25","guid":{"rendered":"http:\/\/escamilla.marketingguay.es\/?p=708"},"modified":"2022-12-14T12:48:22","modified_gmt":"2022-12-14T12:48:22","slug":"andalucia-sabor-y-escamilla","status":"publish","type":"post","link":"https:\/\/escamilla.es\/es_es\/andalucia-sabor-y-escamilla\/","title":{"rendered":"Aceitunas Escamilla estar\u00e1 en Andaluc\u00eda Sabor 2017 \u00a1El evento agroalimentario y pesquero del a\u00f1o!"},"content":{"rendered":"\t\t<div data-elementor-type=\"wp-post\" data-elementor-id=\"10897\" class=\"elementor elementor-10897\" data-elementor-post-type=\"post\">\n\t\t\t\t\t\t<section class=\"elementor-section elementor-top-section elementor-element elementor-element-542e672c elementor-section-boxed elementor-section-height-default elementor-section-height-default wd-section-disabled\" data-id=\"542e672c\" data-element_type=\"section\">\n\t\t\t\t\t\t<div class=\"elementor-container elementor-column-gap-default\">\n\t\t\t\t\t<div class=\"elementor-column elementor-col-100 elementor-top-column elementor-element elementor-element-6fbd5ea3\" data-id=\"6fbd5ea3\" data-element_type=\"column\">\n\t\t\t<div class=\"elementor-widget-wrap elementor-element-populated\">\n\t\t\t\t\t\t<div class=\"elementor-element elementor-element-1a6ba5b9 color-scheme-inherit text-left elementor-widget elementor-widget-text-editor\" data-id=\"1a6ba5b9\" data-element_type=\"widget\" data-widget_type=\"text-editor.default\">\n\t\t\t\t<div class=\"elementor-widget-container\">\n\t\t\t\t\t\t\t<p><span style=\"font-size: 14px; text-align: justify; background-color: var(--wd-main-bgcolor); color: var(--wd-text-color);\">\u00a0<\/span><\/p><p><span style=\"font-size: 14px; text-align: justify; background-color: var(--wd-main-bgcolor); color: var(--wd-text-color);\">Una cita vanguardista en Andaluc\u00eda Sabor 2017. La mayor feria agroalimentaria y pesquera de Andaluc\u00eda. Un evento profesional consolidado como punto de encuentro de las empresas andaluzas gastron\u00f3micas m\u00e1s importantes. Tendr\u00e1 lugar \u00a0del 25 al 27 de septiembre en Fibes y su objetivo principal es potenciar y \u00a0afianzar la presencia de los productos andaluces en el mercado nacional e internacional.<\/span><\/p><p style=\"text-align: justify;\"><strong>Y como no pod\u00eda ser de otro modo, Aceitunas Escamilla participa en este importante evento: Estaremos en el stand n\u00ba 209 en la 1\u00aa planta<\/strong>.<\/p><p style=\"text-align: justify;\">\u00a0<\/p>\t\t\t\t\t\t<\/div>\n\t\t\t\t<\/div>\n\t\t\t\t\t<\/div>\n\t\t<\/div>\n\t\t\t\t\t<\/div>\n\t\t<\/section>\n\t\t<div class=\"elementor-element elementor-element-d8bf0d2 e-flex e-con-boxed e-con e-parent\" data-id=\"d8bf0d2\" data-element_type=\"container\" data-settings=\"{&quot;background_background&quot;:&quot;classic&quot;}\">\n\t\t\t\t\t<div class=\"e-con-inner\">\n\t\t\t\t<div class=\"elementor-element elementor-element-430484d color-scheme-light text-left elementor-widget elementor-widget-text-editor\" data-id=\"430484d\" data-element_type=\"widget\" data-widget_type=\"text-editor.default\">\n\t\t\t\t<div class=\"elementor-widget-container\">\n\t\t\t\t\t\t\t<h2>\u00a0<\/h2><h2><strong>\u00bfQu\u00e9 aporta aceitunas Escamilla a este prestigioso encuentro?<\/strong><\/h2><p>Aceitunas Escamilla estar\u00e1 en esta cita para\u00a0<strong>dar a conocer\u00a0<a href=\"https:\/\/escamilla.es\/es\/origen-aceituna-de-mesa-escamilla\/\">su tradicional producci\u00f3n de aceitunas y aperitivos<\/a><\/strong>\u00a0en el mundo agroalimentario. Pretendemos\u00a0<strong>consolidar<\/strong>, a\u00fan m\u00e1s,\u00a0<strong>nuestra marca<\/strong>, as\u00ed como\u00a0<strong>resaltar\u00a0<a href=\"https:\/\/escamilla.es\/es\/aceituna-sevillana-beneficios\/\">los beneficios y la importancia<\/a><\/strong>,\u00a0<strong>que tiene<\/strong>\u00a0y ha tenido, durante siglos\u00a0<strong>la aceituna de mesa<\/strong>.<\/p><p>Para ello, tendremos\u00a0<strong>un expositor que nos servir\u00e1 como escaparate<\/strong>\u00a0al resto de entidades interesadas en el sector. Ya que con el paso de los a\u00f1os,\u00a0<a href=\"http:\/\/www.andaluciasabor.com\/es\/\">Andaluc\u00eda Sabor 2017<\/a>\u00a0es clave para empresas que trabajan con materias primas totalmente andaluzas.<\/p><p>\u00a0<\/p>\t\t\t\t\t\t<\/div>\n\t\t\t\t<\/div>\n\t\t\t\t\t<\/div>\n\t\t\t\t<\/div>\n\t\t<div class=\"elementor-element elementor-element-61bb229 e-flex e-con-boxed e-con e-parent\" data-id=\"61bb229\" data-element_type=\"container\">\n\t\t\t\t\t<div class=\"e-con-inner\">\n\t\t\t\t<div class=\"elementor-element elementor-element-4775788 color-scheme-inherit text-left elementor-widget elementor-widget-text-editor\" data-id=\"4775788\" data-element_type=\"widget\" data-widget_type=\"text-editor.default\">\n\t\t\t\t<div class=\"elementor-widget-container\">\n\t\t\t\t\t\t\t<h2>\u00a0<\/h2><h2><strong>Y a\u00fan hay m\u00e1s\u2026<\/strong><\/h2><p><strong>A sabor 2017<\/strong>\u00a0ser\u00e1 un evento que\u00a0<strong>brillar\u00e1 con luz propia por la calidad y la variedad de productos<\/strong>\u00a0que sus asistentes podr\u00e1n encontrar.<\/p><p>Adem\u00e1s de forma paralela a los encuentros profesionales, tendr\u00e1 lugar el VI Congreso Gastron\u00f3mico Andaluc\u00eda Sabor, en el que se van a dar cita 23\u00a0<strong>estrellas Michel\u00edn \u00a1La alta cocina reunida! \u00a0<\/strong>Tambi\u00e9n se celebrar\u00e1n 11 talleres especializados, un aula gastron\u00f3mica y conferencias<\/p><p>El hilo conductor de las ponencias ser\u00e1 Andaluc\u00eda en todas sus facetas; productos, cultura, paisajes, tradici\u00f3n gastron\u00f3mica\u2026 \u00a0Y tambi\u00e9n disfrutaremos de\u00a0<strong>varios show cooking<\/strong>\u00a0en riguroso directo.<\/p><p>\u00a0<\/p>\t\t\t\t\t\t<\/div>\n\t\t\t\t<\/div>\n\t\t\t\t\t<\/div>\n\t\t\t\t<\/div>\n\t\t<div class=\"elementor-element elementor-element-c3f3b3c e-flex e-con-boxed e-con e-parent\" data-id=\"c3f3b3c\" data-element_type=\"container\" data-settings=\"{&quot;background_background&quot;:&quot;classic&quot;}\">\n\t\t\t\t\t<div class=\"e-con-inner\">\n\t\t\t\t<div class=\"elementor-element elementor-element-0352c03 color-scheme-light text-left elementor-widget elementor-widget-text-editor\" data-id=\"0352c03\" data-element_type=\"widget\" data-widget_type=\"text-editor.default\">\n\t\t\t\t<div class=\"elementor-widget-container\">\n\t\t\t\t\t\t\t<h2>\u00a0<\/h2><h2><strong>\u00bfPor qu\u00e9 nos resulta imprescindible acudir?<\/strong><\/h2><ol><li>Otorgamos la distinci\u00f3n con nuestra peque\u00f1a pero sabrosa aceituna y aperitivos en las reuniones o celebraciones.<\/li><li>Sorprendemos con nuestra exquisita\u00a0<a href=\"https:\/\/escamilla.es\/es\/productos\/\">variedad de productos y formatos<\/a>.<\/li><li>Damos el toque elegante a los platos y aperitivos.<\/li><li>La amplia tradici\u00f3n en el sector nos avala.<\/li><\/ol><p>Tras explicaros por qu\u00e9 tendremos presencia en esta edici\u00f3n,\u00a0<strong>nos gustar\u00eda destacar que nos enorgullece compartir espacio con otros productos de origen 100% andaluz<\/strong>. Para nosotros, es todo un placer que se nos reconozca la alta calidad y esfuerzo realizado, a\u00f1o tras a\u00f1o, en nuestra producci\u00f3n agr\u00edcola.<\/p><p>\u00a0<\/p>\t\t\t\t\t\t<\/div>\n\t\t\t\t<\/div>\n\t\t\t\t\t<\/div>\n\t\t\t\t<\/div>\n\t\t<div class=\"elementor-element elementor-element-3ee2632 e-flex e-con-boxed e-con e-parent\" data-id=\"3ee2632\" data-element_type=\"container\">\n\t\t\t\t\t<div class=\"e-con-inner\">\n\t\t\t\t<div class=\"elementor-element elementor-element-9181673 color-scheme-inherit text-left elementor-widget elementor-widget-text-editor\" data-id=\"9181673\" data-element_type=\"widget\" data-widget_type=\"text-editor.default\">\n\t\t\t\t<div class=\"elementor-widget-container\">\n\t\t\t\t\t\t\t<h2>\u00a0<\/h2><h2><strong>Nos sentimos muy orgullosos<\/strong><\/h2><p>Para la familia de Aceitunas Escamilla, asistir a Andaluc\u00eda Sabor 2017 es la oportunidad de disfrutar de un encuentro en el que se pone de manifiesta la alta calidad y el valor de los productos de nuestra tierra . Adem\u00e1s,\u00a0<strong>concebimos nuestra presencia en el evento como un gran reconocimiento a nuestra labor y trayectoria<\/strong>. Seremos los embajadores de la aceituna; en todos los sabores, formatos y ali\u00f1os disponibles.<\/p><p>Escamilla esperamos con muchas ganas e ilusi\u00f3n esta nueva edici\u00f3n de Andaluc\u00eda Sabor 2017.<\/p><p><strong>\u00a1Nos estrenamos en esta cita y supone todo un reto!<\/strong>\u00a0Est\u00e1 muy atento a nuestras redes sociales:\u00a0<a href=\"https:\/\/es-es.facebook.com\/Aceitunas-Escamilla-1443671572530699\/\">Aceitunas Escamilla (Facebook)<\/a>,\u00a0<a href=\"https:\/\/www.instagram.com\/aceitunasescamilla\/\">Aceitunasescamilla (Instagram)\u00a0<\/a>y\u00a0<a href=\"https:\/\/twitter.com\/olivesescamilla?lang=es\">@olivesescamilla (Twitter)<\/a>\u00a0porque \u00a1Publicaremos fotos y os informaremos de todos nuestros movimientos!<\/p><p>\u00a0<\/p>\t\t\t\t\t\t<\/div>\n\t\t\t\t<\/div>\n\t\t\t\t\t<\/div>\n\t\t\t\t<\/div>\n\t\t\t\t<\/div>\n\t\t","protected":false},"excerpt":{"rendered":"<p>Una cita vanguardista en Andaluc\u00eda Sabor 2017. La mayor feria agroalimentaria y pesquera de Andaluc\u00eda.<\/p>\n","protected":false},"author":1,"featured_media":10898,"comment_status":"open","ping_status":"open","sticky":false,"template":"","format":"standard","meta":{"footnotes":""},"categories":[98],"tags":[],"class_list":["post-10897","post","type-post","status-publish","format-standard","has-post-thumbnail","hentry","category-blog"],"yoast_head":"<!-- This site is optimized with the Yoast SEO plugin v23.4 - https:\/\/yoast.com\/wordpress\/plugins\/seo\/ -->\n<title>Aceitunas Escamilla estar\u00e1 en Andaluc\u00eda Sabor 2017 \u00a1El evento agroalimentario y pesquero del a\u00f1o! - Escamilla<\/title>\n<meta name=\"description\" content=\"El mejor evento agroalimentario Andaluc\u00eda Sabor 2017. Aceitunas Escamilla no puede perderse esta cita. Puedes encontrarnos en el stand 209 1\u00aa Planta\" \/>\n<meta name=\"robots\" content=\"index, follow, max-snippet:-1, max-image-preview:large, max-video-preview:-1\" \/>\n<link rel=\"canonical\" href=\"https:\/\/escamilla.es\/es_es\/andalucia-sabor-y-escamilla\/\" \/>\n<meta property=\"og:locale\" content=\"es_ES\" \/>\n<meta property=\"og:type\" content=\"article\" \/>\n<meta property=\"og:title\" content=\"Aceitunas Escamilla estar\u00e1 en Andaluc\u00eda Sabor 2017 \u00a1El evento agroalimentario y pesquero del a\u00f1o! - Escamilla\" \/>\n<meta property=\"og:description\" content=\"El mejor evento agroalimentario Andaluc\u00eda Sabor 2017. Aceitunas Escamilla no puede perderse esta cita. Puedes encontrarnos en el stand 209 1\u00aa Planta\" \/>\n<meta property=\"og:url\" content=\"https:\/\/escamilla.es\/es_es\/andalucia-sabor-y-escamilla\/\" \/>\n<meta property=\"og:site_name\" content=\"Escamilla\" \/>\n<meta property=\"article:published_time\" content=\"2017-09-06T10:05:25+00:00\" \/>\n<meta property=\"article:modified_time\" content=\"2022-12-14T12:48:22+00:00\" \/>\n<meta property=\"og:image\" content=\"https:\/\/i0.wp.com\/escamilla.es\/wp-content\/uploads\/2018\/07\/Andaluc\u00eda-Sabor-Aceitunas-Escamilla.jpg?fit=570%2C373&ssl=1\" \/>\n\t<meta property=\"og:image:width\" content=\"570\" \/>\n\t<meta property=\"og:image:height\" content=\"373\" \/>\n\t<meta property=\"og:image:type\" content=\"image\/jpeg\" \/>\n<meta name=\"author\" content=\"@programacion\" \/>\n<meta name=\"twitter:card\" content=\"summary_large_image\" \/>\n<meta name=\"twitter:label1\" content=\"Escrito por\" \/>\n\t<meta name=\"twitter:data1\" content=\"@programacion\" \/>\n\t<meta name=\"twitter:label2\" content=\"Tiempo de lectura\" \/>\n\t<meta name=\"twitter:data2\" content=\"3 minutos\" \/>\n<script type=\"application\/ld+json\" class=\"yoast-schema-graph\">{\"@context\":\"https:\/\/schema.org\",\"@graph\":[{\"@type\":\"Article\",\"@id\":\"https:\/\/escamilla.es\/andalucia-sabor-y-escamilla\/#article\",\"isPartOf\":{\"@id\":\"https:\/\/escamilla.es\/andalucia-sabor-y-escamilla\/\"},\"author\":{\"name\":\"@programacion\",\"@id\":\"https:\/\/escamilla.es\/es_es\/#\/schema\/person\/02bb0f020eaecff3f22c205e6ace4e1a\"},\"headline\":\"Aceitunas Escamilla estar\u00e1 en Andaluc\u00eda Sabor 2017 \u00a1El evento agroalimentario y pesquero del a\u00f1o!\",\"datePublished\":\"2017-09-06T10:05:25+00:00\",\"dateModified\":\"2022-12-14T12:48:22+00:00\",\"mainEntityOfPage\":{\"@id\":\"https:\/\/escamilla.es\/andalucia-sabor-y-escamilla\/\"},\"wordCount\":534,\"commentCount\":0,\"publisher\":{\"@id\":\"https:\/\/escamilla.es\/es_es\/#organization\"},\"image\":{\"@id\":\"https:\/\/escamilla.es\/andalucia-sabor-y-escamilla\/#primaryimage\"},\"thumbnailUrl\":\"https:\/\/escamilla.es\/wp-content\/uploads\/2018\/07\/Andaluc\u00eda-Sabor-Aceitunas-Escamilla.jpg\",\"articleSection\":[\"Blog\"],\"inLanguage\":\"es\",\"potentialAction\":[{\"@type\":\"CommentAction\",\"name\":\"Comment\",\"target\":[\"https:\/\/escamilla.es\/andalucia-sabor-y-escamilla\/#respond\"]}]},{\"@type\":\"WebPage\",\"@id\":\"https:\/\/escamilla.es\/andalucia-sabor-y-escamilla\/\",\"url\":\"https:\/\/escamilla.es\/andalucia-sabor-y-escamilla\/\",\"name\":\"Aceitunas Escamilla estar\u00e1 en Andaluc\u00eda Sabor 2017 \u00a1El evento agroalimentario y pesquero del a\u00f1o! - Escamilla\",\"isPartOf\":{\"@id\":\"https:\/\/escamilla.es\/es_es\/#website\"},\"primaryImageOfPage\":{\"@id\":\"https:\/\/escamilla.es\/andalucia-sabor-y-escamilla\/#primaryimage\"},\"image\":{\"@id\":\"https:\/\/escamilla.es\/andalucia-sabor-y-escamilla\/#primaryimage\"},\"thumbnailUrl\":\"https:\/\/escamilla.es\/wp-content\/uploads\/2018\/07\/Andaluc\u00eda-Sabor-Aceitunas-Escamilla.jpg\",\"datePublished\":\"2017-09-06T10:05:25+00:00\",\"dateModified\":\"2022-12-14T12:48:22+00:00\",\"description\":\"El mejor evento agroalimentario Andaluc\u00eda Sabor 2017. Aceitunas Escamilla no puede perderse esta cita. Puedes encontrarnos en el stand 209 1\u00aa Planta\",\"breadcrumb\":{\"@id\":\"https:\/\/escamilla.es\/andalucia-sabor-y-escamilla\/#breadcrumb\"},\"inLanguage\":\"es\",\"potentialAction\":[{\"@type\":\"ReadAction\",\"target\":[\"https:\/\/escamilla.es\/andalucia-sabor-y-escamilla\/\"]}]},{\"@type\":\"ImageObject\",\"inLanguage\":\"es\",\"@id\":\"https:\/\/escamilla.es\/andalucia-sabor-y-escamilla\/#primaryimage\",\"url\":\"https:\/\/escamilla.es\/wp-content\/uploads\/2018\/07\/Andaluc\u00eda-Sabor-Aceitunas-Escamilla.jpg\",\"contentUrl\":\"https:\/\/escamilla.es\/wp-content\/uploads\/2018\/07\/Andaluc\u00eda-Sabor-Aceitunas-Escamilla.jpg\",\"width\":570,\"height\":373},{\"@type\":\"BreadcrumbList\",\"@id\":\"https:\/\/escamilla.es\/andalucia-sabor-y-escamilla\/#breadcrumb\",\"itemListElement\":[{\"@type\":\"ListItem\",\"position\":1,\"name\":\"Portada\",\"item\":\"https:\/\/escamilla.es\/es_es\/\"},{\"@type\":\"ListItem\",\"position\":2,\"name\":\"Blog\",\"item\":\"https:\/\/escamilla.es\/es_es\/category\/blog\/\"},{\"@type\":\"ListItem\",\"position\":3,\"name\":\"Aceitunas Escamilla estar\u00e1 en Andaluc\u00eda Sabor 2017 \u00a1El evento agroalimentario y pesquero del a\u00f1o!\"}]},{\"@type\":\"WebSite\",\"@id\":\"https:\/\/escamilla.es\/es_es\/#website\",\"url\":\"https:\/\/escamilla.es\/es_es\/\",\"name\":\"Escamilla\",\"description\":\"\",\"publisher\":{\"@id\":\"https:\/\/escamilla.es\/es_es\/#organization\"},\"potentialAction\":[{\"@type\":\"SearchAction\",\"target\":{\"@type\":\"EntryPoint\",\"urlTemplate\":\"https:\/\/escamilla.es\/es_es\/?s={search_term_string}\"},\"query-input\":{\"@type\":\"PropertyValueSpecification\",\"valueRequired\":true,\"valueName\":\"search_term_string\"}}],\"inLanguage\":\"es\"},{\"@type\":\"Organization\",\"@id\":\"https:\/\/escamilla.es\/es_es\/#organization\",\"name\":\"Escamilla\",\"url\":\"https:\/\/escamilla.es\/es_es\/\",\"logo\":{\"@type\":\"ImageObject\",\"inLanguage\":\"es\",\"@id\":\"https:\/\/escamilla.es\/es_es\/#\/schema\/logo\/image\/\",\"url\":\"https:\/\/escamilla.es\/wp-content\/uploads\/2022\/03\/admin-ajax.jpg\",\"contentUrl\":\"https:\/\/escamilla.es\/wp-content\/uploads\/2022\/03\/admin-ajax.jpg\",\"width\":100,\"height\":26,\"caption\":\"Escamilla\"},\"image\":{\"@id\":\"https:\/\/escamilla.es\/es_es\/#\/schema\/logo\/image\/\"}},{\"@type\":\"Person\",\"@id\":\"https:\/\/escamilla.es\/es_es\/#\/schema\/person\/02bb0f020eaecff3f22c205e6ace4e1a\",\"name\":\"@programacion\",\"image\":{\"@type\":\"ImageObject\",\"inLanguage\":\"es\",\"@id\":\"https:\/\/escamilla.es\/es_es\/#\/schema\/person\/image\/\",\"url\":\"https:\/\/secure.gravatar.com\/avatar\/a5806cb0617e875b9acc82fba89175169764be9cad8d28cdf9bb50b34f9ceadd?s=96&d=mm&r=g\",\"contentUrl\":\"https:\/\/secure.gravatar.com\/avatar\/a5806cb0617e875b9acc82fba89175169764be9cad8d28cdf9bb50b34f9ceadd?s=96&d=mm&r=g\",\"caption\":\"@programacion\"},\"sameAs\":[\"https:\/\/tienda.escamilla.es\"],\"url\":\"https:\/\/escamilla.es\/es_es\/author\/programacion\/\"}]}<\/script>\n<!-- \/ Yoast SEO plugin. -->","yoast_head_json":{"title":"Aceitunas Escamilla estar\u00e1 en Andaluc\u00eda Sabor 2017 \u00a1El evento agroalimentario y pesquero del a\u00f1o! - Escamilla","description":"El mejor evento agroalimentario Andaluc\u00eda Sabor 2017. Aceitunas Escamilla no puede perderse esta cita. Puedes encontrarnos en el stand 209 1\u00aa Planta","robots":{"index":"index","follow":"follow","max-snippet":"max-snippet:-1","max-image-preview":"max-image-preview:large","max-video-preview":"max-video-preview:-1"},"canonical":"https:\/\/escamilla.es\/es_es\/andalucia-sabor-y-escamilla\/","og_locale":"es_ES","og_type":"article","og_title":"Aceitunas Escamilla estar\u00e1 en Andaluc\u00eda Sabor 2017 \u00a1El evento agroalimentario y pesquero del a\u00f1o! - Escamilla","og_description":"El mejor evento agroalimentario Andaluc\u00eda Sabor 2017. Aceitunas Escamilla no puede perderse esta cita. Puedes encontrarnos en el stand 209 1\u00aa Planta","og_url":"https:\/\/escamilla.es\/es_es\/andalucia-sabor-y-escamilla\/","og_site_name":"Escamilla","article_published_time":"2017-09-06T10:05:25+00:00","article_modified_time":"2022-12-14T12:48:22+00:00","og_image":[{"width":570,"height":373,"url":"https:\/\/i0.wp.com\/escamilla.es\/wp-content\/uploads\/2018\/07\/Andaluc\u00eda-Sabor-Aceitunas-Escamilla.jpg?fit=570%2C373&ssl=1","type":"image\/jpeg"}],"author":"@programacion","twitter_card":"summary_large_image","twitter_misc":{"Escrito por":"@programacion","Tiempo de lectura":"3 minutos"},"schema":{"@context":"https:\/\/schema.org","@graph":[{"@type":"Article","@id":"https:\/\/escamilla.es\/andalucia-sabor-y-escamilla\/#article","isPartOf":{"@id":"https:\/\/escamilla.es\/andalucia-sabor-y-escamilla\/"},"author":{"name":"@programacion","@id":"https:\/\/escamilla.es\/es_es\/#\/schema\/person\/02bb0f020eaecff3f22c205e6ace4e1a"},"headline":"Aceitunas Escamilla estar\u00e1 en Andaluc\u00eda Sabor 2017 \u00a1El evento agroalimentario y pesquero del a\u00f1o!","datePublished":"2017-09-06T10:05:25+00:00","dateModified":"2022-12-14T12:48:22+00:00","mainEntityOfPage":{"@id":"https:\/\/escamilla.es\/andalucia-sabor-y-escamilla\/"},"wordCount":534,"commentCount":0,"publisher":{"@id":"https:\/\/escamilla.es\/es_es\/#organization"},"image":{"@id":"https:\/\/escamilla.es\/andalucia-sabor-y-escamilla\/#primaryimage"},"thumbnailUrl":"https:\/\/escamilla.es\/wp-content\/uploads\/2018\/07\/Andaluc\u00eda-Sabor-Aceitunas-Escamilla.jpg","articleSection":["Blog"],"inLanguage":"es","potentialAction":[{"@type":"CommentAction","name":"Comment","target":["https:\/\/escamilla.es\/andalucia-sabor-y-escamilla\/#respond"]}]},{"@type":"WebPage","@id":"https:\/\/escamilla.es\/andalucia-sabor-y-escamilla\/","url":"https:\/\/escamilla.es\/andalucia-sabor-y-escamilla\/","name":"Aceitunas Escamilla estar\u00e1 en Andaluc\u00eda Sabor 2017 \u00a1El evento agroalimentario y pesquero del a\u00f1o! - Escamilla","isPartOf":{"@id":"https:\/\/escamilla.es\/es_es\/#website"},"primaryImageOfPage":{"@id":"https:\/\/escamilla.es\/andalucia-sabor-y-escamilla\/#primaryimage"},"image":{"@id":"https:\/\/escamilla.es\/andalucia-sabor-y-escamilla\/#primaryimage"},"thumbnailUrl":"https:\/\/escamilla.es\/wp-content\/uploads\/2018\/07\/Andaluc\u00eda-Sabor-Aceitunas-Escamilla.jpg","datePublished":"2017-09-06T10:05:25+00:00","dateModified":"2022-12-14T12:48:22+00:00","description":"El mejor evento agroalimentario Andaluc\u00eda Sabor 2017. Aceitunas Escamilla no puede perderse esta cita. Puedes encontrarnos en el stand 209 1\u00aa Planta","breadcrumb":{"@id":"https:\/\/escamilla.es\/andalucia-sabor-y-escamilla\/#breadcrumb"},"inLanguage":"es","potentialAction":[{"@type":"ReadAction","target":["https:\/\/escamilla.es\/andalucia-sabor-y-escamilla\/"]}]},{"@type":"ImageObject","inLanguage":"es","@id":"https:\/\/escamilla.es\/andalucia-sabor-y-escamilla\/#primaryimage","url":"https:\/\/escamilla.es\/wp-content\/uploads\/2018\/07\/Andaluc\u00eda-Sabor-Aceitunas-Escamilla.jpg","contentUrl":"https:\/\/escamilla.es\/wp-content\/uploads\/2018\/07\/Andaluc\u00eda-Sabor-Aceitunas-Escamilla.jpg","width":570,"height":373},{"@type":"BreadcrumbList","@id":"https:\/\/escamilla.es\/andalucia-sabor-y-escamilla\/#breadcrumb","itemListElement":[{"@type":"ListItem","position":1,"name":"Portada","item":"https:\/\/escamilla.es\/es_es\/"},{"@type":"ListItem","position":2,"name":"Blog","item":"https:\/\/escamilla.es\/es_es\/category\/blog\/"},{"@type":"ListItem","position":3,"name":"Aceitunas Escamilla estar\u00e1 en Andaluc\u00eda Sabor 2017 \u00a1El evento agroalimentario y pesquero del a\u00f1o!"}]},{"@type":"WebSite","@id":"https:\/\/escamilla.es\/es_es\/#website","url":"https:\/\/escamilla.es\/es_es\/","name":"Escamilla","description":"","publisher":{"@id":"https:\/\/escamilla.es\/es_es\/#organization"},"potentialAction":[{"@type":"SearchAction","target":{"@type":"EntryPoint","urlTemplate":"https:\/\/escamilla.es\/es_es\/?s={search_term_string}"},"query-input":{"@type":"PropertyValueSpecification","valueRequired":true,"valueName":"search_term_string"}}],"inLanguage":"es"},{"@type":"Organization","@id":"https:\/\/escamilla.es\/es_es\/#organization","name":"Escamilla","url":"https:\/\/escamilla.es\/es_es\/","logo":{"@type":"ImageObject","inLanguage":"es","@id":"https:\/\/escamilla.es\/es_es\/#\/schema\/logo\/image\/","url":"https:\/\/escamilla.es\/wp-content\/uploads\/2022\/03\/admin-ajax.jpg","contentUrl":"https:\/\/escamilla.es\/wp-content\/uploads\/2022\/03\/admin-ajax.jpg","width":100,"height":26,"caption":"Escamilla"},"image":{"@id":"https:\/\/escamilla.es\/es_es\/#\/schema\/logo\/image\/"}},{"@type":"Person","@id":"https:\/\/escamilla.es\/es_es\/#\/schema\/person\/02bb0f020eaecff3f22c205e6ace4e1a","name":"@programacion","image":{"@type":"ImageObject","inLanguage":"es","@id":"https:\/\/escamilla.es\/es_es\/#\/schema\/person\/image\/","url":"https:\/\/secure.gravatar.com\/avatar\/a5806cb0617e875b9acc82fba89175169764be9cad8d28cdf9bb50b34f9ceadd?s=96&d=mm&r=g","contentUrl":"https:\/\/secure.gravatar.com\/avatar\/a5806cb0617e875b9acc82fba89175169764be9cad8d28cdf9bb50b34f9ceadd?s=96&d=mm&r=g","caption":"@programacion"},"sameAs":["https:\/\/tienda.escamilla.es"],"url":"https:\/\/escamilla.es\/es_es\/author\/programacion\/"}]}},"jetpack_featured_media_url":"https:\/\/escamilla.es\/wp-content\/uploads\/2018\/07\/Andaluc\u00eda-Sabor-Aceitunas-Escamilla.jpg","_links":{"self":[{"href":"https:\/\/escamilla.es\/es_es\/wp-json\/wp\/v2\/posts\/10897","targetHints":{"allow":["GET"]}}],"collection":[{"href":"https:\/\/escamilla.es\/es_es\/wp-json\/wp\/v2\/posts"}],"about":[{"href":"https:\/\/escamilla.es\/es_es\/wp-json\/wp\/v2\/types\/post"}],"author":[{"embeddable":true,"href":"https:\/\/escamilla.es\/es_es\/wp-json\/wp\/v2\/users\/1"}],"replies":[{"embeddable":true,"href":"https:\/\/escamilla.es\/es_es\/wp-json\/wp\/v2\/comments?post=10897"}],"version-history":[{"count":3,"href":"https:\/\/escamilla.es\/es_es\/wp-json\/wp\/v2\/posts\/10897\/revisions"}],"predecessor-version":[{"id":12058,"href":"https:\/\/escamilla.es\/es_es\/wp-json\/wp\/v2\/posts\/10897\/revisions\/12058"}],"wp:featuredmedia":[{"embeddable":true,"href":"https:\/\/escamilla.es\/es_es\/wp-json\/wp\/v2\/media\/10898"}],"wp:attachment":[{"href":"https:\/\/escamilla.es\/es_es\/wp-json\/wp\/v2\/media?parent=10897"}],"wp:term":[{"taxonomy":"category","embeddable":true,"href":"https:\/\/escamilla.es\/es_es\/wp-json\/wp\/v2\/categories?post=10897"},{"taxonomy":"post_tag","embeddable":true,"href":"https:\/\/escamilla.es\/es_es\/wp-json\/wp\/v2\/tags?post=10897"}],"curies":[{"name":"wp","href":"https:\/\/api.w.org\/{rel}","templated":true}]}}