{"id":10573,"date":"2019-06-26T08:49:54","date_gmt":"2019-06-26T08:49:54","guid":{"rendered":"https:\/\/escamilla.es\/?p=2651"},"modified":"2022-12-12T10:35:37","modified_gmt":"2022-12-12T10:35:37","slug":"proveedores-aceitunas-por-mayor","status":"publish","type":"post","link":"https:\/\/escamilla.es\/fr\/proveedores-aceitunas-por-mayor\/","title":{"rendered":"Fournisseurs en gros d'olives"},"content":{"rendered":"<div data-elementor-type=\"wp-post\" data-elementor-id=\"10573\" class=\"elementor elementor-10573\" data-elementor-post-type=\"post\">\n\t\t\t\t\t\t<section class=\"elementor-section elementor-top-section elementor-element elementor-element-3d5f312 elementor-section-boxed elementor-section-height-default elementor-section-height-default wd-section-disabled\" data-id=\"3d5f312\" data-element_type=\"section\">\n\t\t\t\t\t\t<div class=\"elementor-container elementor-column-gap-default\">\n\t\t\t\t\t<div class=\"elementor-column elementor-col-100 elementor-top-column elementor-element elementor-element-16828f9f\" data-id=\"16828f9f\" data-element_type=\"column\">\n\t\t\t<div class=\"elementor-widget-wrap elementor-element-populated\">\n\t\t\t\t\t\t<div class=\"elementor-element elementor-element-8e46d95 color-scheme-inherit text-left elementor-widget elementor-widget-text-editor\" data-id=\"8e46d95\" data-element_type=\"widget\" data-widget_type=\"text-editor.default\">\n\t\t\t\t<div class=\"elementor-widget-container\">\n\t\t\t\t\t\t\t<p>Voulez-vous incorporer nos d\u00e9licieuses olives Escamilla \u00e0 vos produits ? <strong>votre entreprise<\/strong>Saviez-vous que nous sommes un fournisseur d'olives en gros ? Si vous \u00eates \u00e0 la recherche de <a href=\"https:\/\/escamilla.es\/fr\/recoleccion-de-aceitunas\/\" target=\"_blank\" rel=\"noopener\">les meilleures olives que nous ayons ici<\/a>. Nous connaissons la passion qui existe pour les olives, c'est pourquoi nous apportons le plus grand soin \u00e0 notre produit.<\/p><p>Nous avons un <a href=\"https:\/\/escamilla.es\/fr\/aceitunas-de-mesa\/\" target=\"_blank\" rel=\"noopener\">large gamme de produits<\/a>Connaissez-vous les vari\u00e9t\u00e9s d'olives qui existent ?<\/p><h2>Vari\u00e9t\u00e9s d'olives<\/h2><p>Nous allons maintenant vous pr\u00e9senter quelques vari\u00e9t\u00e9s d'olives :<\/p><p>Le <a href=\"https:\/\/es.wikipedia.org\/wiki\/Gordal\" target=\"_blank\" rel=\"noopener\">olives de gordal<\/a> Il s'agit d'une olive de table dont le poids moyen est de 12 grammes par fruit. Il s'agit d'une olive de grande taille et de grande saveur. Elles sont cultiv\u00e9es principalement en Andalousie. Il en existe 3 types :<\/p><ul><li>Gordal de Sevilla<\/li><li>Gordal de Granada<\/li><li>Gordal de Hell\u00edn<\/li><\/ul>\t\t\t\t\t\t<\/div>\n\t\t\t\t<\/div>\n\t\t\t\t\t<\/div>\n\t\t<\/div>\n\t\t\t\t\t<\/div>\n\t\t<\/section>\n\t\t<div class=\"elementor-element elementor-element-f49a671 e-flex e-con-boxed e-con e-parent\" data-id=\"f49a671\" data-element_type=\"container\">\n\t\t\t\t\t<div class=\"e-con-inner\">\n\t\t\t\t<div class=\"elementor-element elementor-element-8d66be2 elementor-widget-divider--view-line elementor-widget elementor-widget-divider\" data-id=\"8d66be2\" data-element_type=\"widget\" data-widget_type=\"divider.default\">\n\t\t\t\t<div class=\"elementor-widget-container\">\n\t\t\t\t\t<div class=\"elementor-divider\">\n\t\t\t<span class=\"elementor-divider-separator\">\n\t\t\t\t\t\t<\/span>\n\t\t<\/div>\n\t\t\t\t<\/div>\n\t\t\t\t<\/div>\n\t\t\t\t\t<\/div>\n\t\t\t\t<\/div>\n\t\t<div class=\"elementor-element elementor-element-7f1375f e-flex e-con-boxed e-con e-parent\" data-id=\"7f1375f\" data-element_type=\"container\" data-settings=\"{&quot;background_background&quot;:&quot;classic&quot;}\">\n\t\t\t\t\t<div class=\"e-con-inner\">\n\t\t<div class=\"elementor-element elementor-element-108658d e-con-full e-flex e-con e-child\" data-id=\"108658d\" data-element_type=\"container\">\n\t\t\t\t<div class=\"elementor-element elementor-element-13b8e46 color-scheme-light text-left elementor-widget elementor-widget-text-editor\" data-id=\"13b8e46\" data-element_type=\"widget\" data-widget_type=\"text-editor.default\">\n\t\t\t\t<div class=\"elementor-widget-container\">\n\t\t\t\t\t\t\t<h3>\u00a0<\/h3><h3>Hojiblanca<\/h3><p>Son nom fait r\u00e9f\u00e9rence \u00e0 la couleur de ses feuilles, qui sont claires. Cette vari\u00e9t\u00e9 d'olive est produite \u00e0 Cordoue, S\u00e9ville et Malaga. Elle produit une huile aux notes de pomme et de banane, tr\u00e8s douce et aromatique.<\/p><p>\u00a0<\/p>\t\t\t\t\t\t<\/div>\n\t\t\t\t<\/div>\n\t\t\t\t<\/div>\n\t\t<div class=\"elementor-element elementor-element-a389af9 e-con-full e-flex e-con e-child\" data-id=\"a389af9\" data-element_type=\"container\">\n\t\t\t\t<div class=\"elementor-element elementor-element-fab7825 elementor-widget elementor-widget-image\" data-id=\"fab7825\" data-element_type=\"widget\" data-widget_type=\"image.default\">\n\t\t\t\t<div class=\"elementor-widget-container\">\n\t\t\t\t\t\t\t\t\t\t\t\t\t<img fetchpriority=\"high\" decoding=\"async\" width=\"400\" height=\"274\" src=\"https:\/\/escamilla.es\/wp-content\/uploads\/2022\/12\/hojiblanca-400x274.jpg\" class=\"attachment-medium size-medium wp-image-11800\" alt=\"\" srcset=\"https:\/\/escamilla.es\/wp-content\/uploads\/2022\/12\/hojiblanca-400x274.jpg 400w, https:\/\/escamilla.es\/wp-content\/uploads\/2022\/12\/hojiblanca-430x295.jpg 430w, https:\/\/escamilla.es\/wp-content\/uploads\/2022\/12\/hojiblanca-150x103.jpg 150w, https:\/\/escamilla.es\/wp-content\/uploads\/2022\/12\/hojiblanca.jpg 657w\" sizes=\"(max-width: 400px) 100vw, 400px\" \/>\t\t\t\t\t\t\t\t\t\t\t\t\t<\/div>\n\t\t\t\t<\/div>\n\t\t\t\t<\/div>\n\t\t\t\t\t<\/div>\n\t\t\t\t<\/div>\n\t\t<div class=\"elementor-element elementor-element-7c1ed87 e-flex e-con-boxed e-con e-parent\" data-id=\"7c1ed87\" data-element_type=\"container\">\n\t\t\t\t\t<div class=\"e-con-inner\">\n\t\t\t\t<div class=\"elementor-element elementor-element-aa627b8 elementor-widget-divider--view-line elementor-widget elementor-widget-divider\" data-id=\"aa627b8\" data-element_type=\"widget\" data-widget_type=\"divider.default\">\n\t\t\t\t<div class=\"elementor-widget-container\">\n\t\t\t\t\t<div class=\"elementor-divider\">\n\t\t\t<span class=\"elementor-divider-separator\">\n\t\t\t\t\t\t<\/span>\n\t\t<\/div>\n\t\t\t\t<\/div>\n\t\t\t\t<\/div>\n\t\t\t\t\t<\/div>\n\t\t\t\t<\/div>\n\t\t<div class=\"elementor-element elementor-element-e2d3efd e-flex e-con-boxed e-con e-parent\" data-id=\"e2d3efd\" data-element_type=\"container\" data-settings=\"{&quot;background_background&quot;:&quot;classic&quot;}\">\n\t\t\t\t\t<div class=\"e-con-inner\">\n\t\t<div class=\"elementor-element elementor-element-d7acec9 e-con-full e-flex e-con e-child\" data-id=\"d7acec9\" data-element_type=\"container\">\n\t\t\t\t<div class=\"elementor-element elementor-element-fddf159 color-scheme-inherit text-left elementor-widget elementor-widget-text-editor\" data-id=\"fddf159\" data-element_type=\"widget\" data-widget_type=\"text-editor.default\">\n\t\t\t\t<div class=\"elementor-widget-container\">\n\t\t\t\t\t\t\t<h3>\u00a0<\/h3><h3>Manzanilla sevillana<\/h3><p>Elle est principalement cultiv\u00e9e \u00e0 S\u00e9ville. Elle est utilis\u00e9e comme olive de table et jouit d'une renomm\u00e9e internationale. Il n'est donc pas surprenant qu'elle soit \u00e9galement cultiv\u00e9e en Isra\u00ebl, en Australie, en Argentine et aux \u00c9tats-Unis.<\/p>\t\t\t\t\t\t<\/div>\n\t\t\t\t<\/div>\n\t\t\t\t<\/div>\n\t\t<div class=\"elementor-element elementor-element-61c7929 e-con-full e-flex e-con e-child\" data-id=\"61c7929\" data-element_type=\"container\">\n\t\t\t\t<div class=\"elementor-element elementor-element-18aa0d0 elementor-widget elementor-widget-image\" data-id=\"18aa0d0\" data-element_type=\"widget\" data-widget_type=\"image.default\">\n\t\t\t\t<div class=\"elementor-widget-container\">\n\t\t\t\t\t\t\t\t\t\t\t\t\t<img decoding=\"async\" width=\"400\" height=\"236\" src=\"https:\/\/escamilla.es\/wp-content\/uploads\/2022\/12\/Manzanilla-sevillana-400x236.jpg\" class=\"attachment-medium size-medium wp-image-11804\" alt=\"\" srcset=\"https:\/\/escamilla.es\/wp-content\/uploads\/2022\/12\/Manzanilla-sevillana-400x236.jpg 400w, https:\/\/escamilla.es\/wp-content\/uploads\/2022\/12\/Manzanilla-sevillana-768x453.jpg 768w, https:\/\/escamilla.es\/wp-content\/uploads\/2022\/12\/Manzanilla-sevillana-860x507.jpg 860w, https:\/\/escamilla.es\/wp-content\/uploads\/2022\/12\/Manzanilla-sevillana-430x253.jpg 430w, https:\/\/escamilla.es\/wp-content\/uploads\/2022\/12\/Manzanilla-sevillana-700x412.jpg 700w, https:\/\/escamilla.es\/wp-content\/uploads\/2022\/12\/Manzanilla-sevillana-150x88.jpg 150w, https:\/\/escamilla.es\/wp-content\/uploads\/2022\/12\/Manzanilla-sevillana.jpg 930w\" sizes=\"(max-width: 400px) 100vw, 400px\" \/>\t\t\t\t\t\t\t\t\t\t\t\t\t<\/div>\n\t\t\t\t<\/div>\n\t\t\t\t<\/div>\n\t\t\t\t\t<\/div>\n\t\t\t\t<\/div>\n\t\t<div class=\"elementor-element elementor-element-2910b37 e-flex e-con-boxed e-con e-parent\" data-id=\"2910b37\" data-element_type=\"container\">\n\t\t\t\t\t<div class=\"e-con-inner\">\n\t\t\t\t<div class=\"elementor-element elementor-element-82e6a24 elementor-widget-divider--view-line elementor-widget elementor-widget-divider\" data-id=\"82e6a24\" data-element_type=\"widget\" data-widget_type=\"divider.default\">\n\t\t\t\t<div class=\"elementor-widget-container\">\n\t\t\t\t\t<div class=\"elementor-divider\">\n\t\t\t<span class=\"elementor-divider-separator\">\n\t\t\t\t\t\t<\/span>\n\t\t<\/div>\n\t\t\t\t<\/div>\n\t\t\t\t<\/div>\n\t\t\t\t\t<\/div>\n\t\t\t\t<\/div>\n\t\t<div class=\"elementor-element elementor-element-596eadc e-flex e-con-boxed e-con e-parent\" data-id=\"596eadc\" data-element_type=\"container\" data-settings=\"{&quot;background_background&quot;:&quot;classic&quot;}\">\n\t\t\t\t\t<div class=\"e-con-inner\">\n\t\t<div class=\"elementor-element elementor-element-232a156 e-con-full e-flex e-con e-child\" data-id=\"232a156\" data-element_type=\"container\">\n\t\t\t\t<div class=\"elementor-element elementor-element-13f774d color-scheme-light text-left elementor-widget elementor-widget-text-editor\" data-id=\"13f774d\" data-element_type=\"widget\" data-widget_type=\"text-editor.default\">\n\t\t\t\t<div class=\"elementor-widget-container\">\n\t\t\t\t\t\t\t<h3>\u00a0<\/h3><h3>Verdial<\/h3><p>Cette vari\u00e9t\u00e9 d'olives est cultiv\u00e9e principalement en Espagne, dans les r\u00e9gions d'Andalousie et d'Estr\u00e9madure. Elles sont de taille allong\u00e9e et p\u00e8sent environ 7 grammes. Elles peuvent \u00eatre utilis\u00e9es pour la production d'huile d'olive et d'olives de table. Connaissez-vous toutes ces vari\u00e9t\u00e9s d'olives ?<\/p>\t\t\t\t\t\t<\/div>\n\t\t\t\t<\/div>\n\t\t\t\t<\/div>\n\t\t<div class=\"elementor-element elementor-element-4ba808f e-con-full e-flex e-con e-child\" data-id=\"4ba808f\" data-element_type=\"container\">\n\t\t\t\t<div class=\"elementor-element elementor-element-fef8974 elementor-widget elementor-widget-image\" data-id=\"fef8974\" data-element_type=\"widget\" data-widget_type=\"image.default\">\n\t\t\t\t<div class=\"elementor-widget-container\">\n\t\t\t\t\t\t\t\t\t\t\t\t\t<img decoding=\"async\" width=\"400\" height=\"267\" src=\"https:\/\/escamilla.es\/wp-content\/uploads\/2022\/12\/aceituna-verdial-axarquia-1-400x267.jpg\" class=\"attachment-medium size-medium wp-image-11808\" alt=\"\" srcset=\"https:\/\/escamilla.es\/wp-content\/uploads\/2022\/12\/aceituna-verdial-axarquia-1-400x267.jpg 400w, https:\/\/escamilla.es\/wp-content\/uploads\/2022\/12\/aceituna-verdial-axarquia-1-768x512.jpg 768w, https:\/\/escamilla.es\/wp-content\/uploads\/2022\/12\/aceituna-verdial-axarquia-1-860x574.jpg 860w, https:\/\/escamilla.es\/wp-content\/uploads\/2022\/12\/aceituna-verdial-axarquia-1-430x287.jpg 430w, https:\/\/escamilla.es\/wp-content\/uploads\/2022\/12\/aceituna-verdial-axarquia-1-700x467.jpg 700w, https:\/\/escamilla.es\/wp-content\/uploads\/2022\/12\/aceituna-verdial-axarquia-1-150x100.jpg 150w, https:\/\/escamilla.es\/wp-content\/uploads\/2022\/12\/aceituna-verdial-axarquia-1.jpg 1000w\" sizes=\"(max-width: 400px) 100vw, 400px\" \/>\t\t\t\t\t\t\t\t\t\t\t\t\t<\/div>\n\t\t\t\t<\/div>\n\t\t\t\t<\/div>\n\t\t\t\t\t<\/div>\n\t\t\t\t<\/div>\n\t\t<div class=\"elementor-element elementor-element-2ceda0e e-flex e-con-boxed e-con e-parent\" data-id=\"2ceda0e\" data-element_type=\"container\">\n\t\t\t\t\t<div class=\"e-con-inner\">\n\t\t\t\t<div class=\"elementor-element elementor-element-c165647 elementor-widget-divider--view-line elementor-widget elementor-widget-divider\" data-id=\"c165647\" data-element_type=\"widget\" data-widget_type=\"divider.default\">\n\t\t\t\t<div class=\"elementor-widget-container\">\n\t\t\t\t\t<div class=\"elementor-divider\">\n\t\t\t<span class=\"elementor-divider-separator\">\n\t\t\t\t\t\t<\/span>\n\t\t<\/div>\n\t\t\t\t<\/div>\n\t\t\t\t<\/div>\n\t\t\t\t\t<\/div>\n\t\t\t\t<\/div>\n\t\t<div class=\"elementor-element elementor-element-20af0f9 e-flex e-con-boxed e-con e-parent\" data-id=\"20af0f9\" data-element_type=\"container\">\n\t\t\t\t\t<div class=\"e-con-inner\">\n\t\t\t\t<div class=\"elementor-element elementor-element-1bc2076 color-scheme-inherit text-left elementor-widget elementor-widget-text-editor\" data-id=\"1bc2076\" data-element_type=\"widget\" data-widget_type=\"text-editor.default\">\n\t\t\t\t<div class=\"elementor-widget-container\">\n\t\t\t\t\t\t\t<h2>Nous sommes fournisseurs d'olives en gros<\/h2><p>Il est tr\u00e8s important d'avoir des olives de qualit\u00e9 dans votre entreprise, afin que vos clients soient satisfaits lorsque vous les servez. Les olives sont la premi\u00e8re impression qu'un client a dans votre bar ou votre restaurant. C'est pourquoi il est important d'avoir des fournisseurs d'olives en gros de qualit\u00e9.<\/p><p><a href=\"https:\/\/escamilla.es\/fr\/distribuidores-aceitunas-embutidos\/\" target=\"_blank\" rel=\"noopener\">Nous disposons de plusieurs formats et conditionnements pour l'h\u00f4tellerie et la restauration.<\/a>. Confortable et pratique pour faire briller nos olives dans votre entreprise.<\/p><p>\u00a0<\/p><p>Contactez nous !<\/p>\t\t\t\t\t\t<\/div>\n\t\t\t\t<\/div>\n\t\t\t\t\t<\/div>\n\t\t\t\t<\/div>\n\t\t\t\t<\/div>","protected":false},"excerpt":{"rendered":"<p>Chez Aceitunas Escamilla, nous sommes fournisseurs d'olives en gros. Si vous souhaitez les incorporer \u00e0 votre entreprise, n'h\u00e9sitez pas \u00e0 nous contacter. <\/p>","protected":false},"author":1,"featured_media":10574,"comment_status":"open","ping_status":"open","sticky":false,"template":"elementor_theme","format":"standard","meta":{"footnotes":""},"categories":[98],"tags":[],"class_list":["post-10573","post","type-post","status-publish","format-standard","has-post-thumbnail","hentry","category-blog"],"yoast_head":"<!-- This site is optimized with the Yoast SEO plugin v23.4 - https:\/\/yoast.com\/wordpress\/plugins\/seo\/ -->\n<title>Proveedores de aceitunas al por mayor - Escamilla<\/title>\n<meta name=\"description\" content=\"\u00bfSabes que somos proveedores de aceitunas al por mayor? Si quieres incorporar nuestras Aceitunas Escamilla a tu negocio, contacta con nosotros.\" \/>\n<meta name=\"robots\" content=\"index, follow, max-snippet:-1, max-image-preview:large, max-video-preview:-1\" \/>\n<link rel=\"canonical\" href=\"https:\/\/escamilla.es\/fr\/proveedores-aceitunas-por-mayor\/\" \/>\n<meta property=\"og:locale\" content=\"fr_FR\" \/>\n<meta property=\"og:type\" content=\"article\" \/>\n<meta property=\"og:title\" content=\"Proveedores de aceitunas al por mayor - Escamilla\" \/>\n<meta property=\"og:description\" content=\"\u00bfSabes que somos proveedores de aceitunas al por mayor? Si quieres incorporar nuestras Aceitunas Escamilla a tu negocio, contacta con nosotros.\" \/>\n<meta property=\"og:url\" content=\"https:\/\/escamilla.es\/fr\/proveedores-aceitunas-por-mayor\/\" \/>\n<meta property=\"og:site_name\" content=\"Escamilla\" \/>\n<meta property=\"article:published_time\" content=\"2019-06-26T08:49:54+00:00\" \/>\n<meta property=\"article:modified_time\" content=\"2022-12-12T10:35:37+00:00\" \/>\n<meta property=\"og:image\" content=\"https:\/\/i0.wp.com\/escamilla.es\/wp-content\/uploads\/2019\/06\/aceitunas-en-sevilla.png?fit=400%2C252&ssl=1\" \/>\n\t<meta property=\"og:image:width\" content=\"400\" \/>\n\t<meta property=\"og:image:height\" content=\"252\" \/>\n\t<meta property=\"og:image:type\" content=\"image\/png\" \/>\n<meta name=\"author\" content=\"@programacion\" \/>\n<meta name=\"twitter:card\" content=\"summary_large_image\" \/>\n<meta name=\"twitter:label1\" content=\"\u00c9crit par\" \/>\n\t<meta name=\"twitter:data1\" content=\"@programacion\" \/>\n\t<meta name=\"twitter:label2\" content=\"Dur\u00e9e de lecture estim\u00e9e\" \/>\n\t<meta name=\"twitter:data2\" content=\"3 minutes\" \/>\n<script type=\"application\/ld+json\" class=\"yoast-schema-graph\">{\"@context\":\"https:\/\/schema.org\",\"@graph\":[{\"@type\":\"Article\",\"@id\":\"https:\/\/escamilla.es\/proveedores-aceitunas-por-mayor\/#article\",\"isPartOf\":{\"@id\":\"https:\/\/escamilla.es\/proveedores-aceitunas-por-mayor\/\"},\"author\":{\"name\":\"@programacion\",\"@id\":\"https:\/\/escamilla.es\/es_es\/#\/schema\/person\/02bb0f020eaecff3f22c205e6ace4e1a\"},\"headline\":\"Proveedores de aceitunas al por mayor\",\"datePublished\":\"2019-06-26T08:49:54+00:00\",\"dateModified\":\"2022-12-12T10:35:37+00:00\",\"mainEntityOfPage\":{\"@id\":\"https:\/\/escamilla.es\/proveedores-aceitunas-por-mayor\/\"},\"wordCount\":347,\"commentCount\":0,\"publisher\":{\"@id\":\"https:\/\/escamilla.es\/es_es\/#organization\"},\"image\":{\"@id\":\"https:\/\/escamilla.es\/proveedores-aceitunas-por-mayor\/#primaryimage\"},\"thumbnailUrl\":\"https:\/\/escamilla.es\/wp-content\/uploads\/2019\/06\/aceitunas-en-sevilla.png\",\"articleSection\":[\"Blog\"],\"inLanguage\":\"fr-FR\",\"potentialAction\":[{\"@type\":\"CommentAction\",\"name\":\"Comment\",\"target\":[\"https:\/\/escamilla.es\/proveedores-aceitunas-por-mayor\/#respond\"]}]},{\"@type\":\"WebPage\",\"@id\":\"https:\/\/escamilla.es\/proveedores-aceitunas-por-mayor\/\",\"url\":\"https:\/\/escamilla.es\/proveedores-aceitunas-por-mayor\/\",\"name\":\"Proveedores de aceitunas al por mayor - Escamilla\",\"isPartOf\":{\"@id\":\"https:\/\/escamilla.es\/es_es\/#website\"},\"primaryImageOfPage\":{\"@id\":\"https:\/\/escamilla.es\/proveedores-aceitunas-por-mayor\/#primaryimage\"},\"image\":{\"@id\":\"https:\/\/escamilla.es\/proveedores-aceitunas-por-mayor\/#primaryimage\"},\"thumbnailUrl\":\"https:\/\/escamilla.es\/wp-content\/uploads\/2019\/06\/aceitunas-en-sevilla.png\",\"datePublished\":\"2019-06-26T08:49:54+00:00\",\"dateModified\":\"2022-12-12T10:35:37+00:00\",\"description\":\"\u00bfSabes que somos proveedores de aceitunas al por mayor? Si quieres incorporar nuestras Aceitunas Escamilla a tu negocio, contacta con nosotros.\",\"breadcrumb\":{\"@id\":\"https:\/\/escamilla.es\/proveedores-aceitunas-por-mayor\/#breadcrumb\"},\"inLanguage\":\"fr-FR\",\"potentialAction\":[{\"@type\":\"ReadAction\",\"target\":[\"https:\/\/escamilla.es\/proveedores-aceitunas-por-mayor\/\"]}]},{\"@type\":\"ImageObject\",\"inLanguage\":\"fr-FR\",\"@id\":\"https:\/\/escamilla.es\/proveedores-aceitunas-por-mayor\/#primaryimage\",\"url\":\"https:\/\/escamilla.es\/wp-content\/uploads\/2019\/06\/aceitunas-en-sevilla.png\",\"contentUrl\":\"https:\/\/escamilla.es\/wp-content\/uploads\/2019\/06\/aceitunas-en-sevilla.png\",\"width\":400,\"height\":252},{\"@type\":\"BreadcrumbList\",\"@id\":\"https:\/\/escamilla.es\/proveedores-aceitunas-por-mayor\/#breadcrumb\",\"itemListElement\":[{\"@type\":\"ListItem\",\"position\":1,\"name\":\"Portada\",\"item\":\"https:\/\/escamilla.es\/es_es\/\"},{\"@type\":\"ListItem\",\"position\":2,\"name\":\"Blog\",\"item\":\"https:\/\/escamilla.es\/es_es\/category\/blog\/\"},{\"@type\":\"ListItem\",\"position\":3,\"name\":\"Proveedores de aceitunas al por mayor\"}]},{\"@type\":\"WebSite\",\"@id\":\"https:\/\/escamilla.es\/es_es\/#website\",\"url\":\"https:\/\/escamilla.es\/es_es\/\",\"name\":\"Escamilla\",\"description\":\"\",\"publisher\":{\"@id\":\"https:\/\/escamilla.es\/es_es\/#organization\"},\"potentialAction\":[{\"@type\":\"SearchAction\",\"target\":{\"@type\":\"EntryPoint\",\"urlTemplate\":\"https:\/\/escamilla.es\/es_es\/?s={search_term_string}\"},\"query-input\":{\"@type\":\"PropertyValueSpecification\",\"valueRequired\":true,\"valueName\":\"search_term_string\"}}],\"inLanguage\":\"fr-FR\"},{\"@type\":\"Organization\",\"@id\":\"https:\/\/escamilla.es\/es_es\/#organization\",\"name\":\"Escamilla\",\"url\":\"https:\/\/escamilla.es\/es_es\/\",\"logo\":{\"@type\":\"ImageObject\",\"inLanguage\":\"fr-FR\",\"@id\":\"https:\/\/escamilla.es\/es_es\/#\/schema\/logo\/image\/\",\"url\":\"https:\/\/escamilla.es\/wp-content\/uploads\/2022\/03\/admin-ajax.jpg\",\"contentUrl\":\"https:\/\/escamilla.es\/wp-content\/uploads\/2022\/03\/admin-ajax.jpg\",\"width\":100,\"height\":26,\"caption\":\"Escamilla\"},\"image\":{\"@id\":\"https:\/\/escamilla.es\/es_es\/#\/schema\/logo\/image\/\"}},{\"@type\":\"Person\",\"@id\":\"https:\/\/escamilla.es\/es_es\/#\/schema\/person\/02bb0f020eaecff3f22c205e6ace4e1a\",\"name\":\"@programacion\",\"image\":{\"@type\":\"ImageObject\",\"inLanguage\":\"fr-FR\",\"@id\":\"https:\/\/escamilla.es\/es_es\/#\/schema\/person\/image\/\",\"url\":\"https:\/\/secure.gravatar.com\/avatar\/a5806cb0617e875b9acc82fba89175169764be9cad8d28cdf9bb50b34f9ceadd?s=96&d=mm&r=g\",\"contentUrl\":\"https:\/\/secure.gravatar.com\/avatar\/a5806cb0617e875b9acc82fba89175169764be9cad8d28cdf9bb50b34f9ceadd?s=96&d=mm&r=g\",\"caption\":\"@programacion\"},\"sameAs\":[\"https:\/\/tienda.escamilla.es\"],\"url\":\"https:\/\/escamilla.es\/fr\/author\/programacion\/\"}]}<\/script>\n<!-- \/ Yoast SEO plugin. -->","yoast_head_json":{"title":"Proveedores de aceitunas al por mayor - Escamilla","description":"\u00bfSabes que somos proveedores de aceitunas al por mayor? Si quieres incorporar nuestras Aceitunas Escamilla a tu negocio, contacta con nosotros.","robots":{"index":"index","follow":"follow","max-snippet":"max-snippet:-1","max-image-preview":"max-image-preview:large","max-video-preview":"max-video-preview:-1"},"canonical":"https:\/\/escamilla.es\/fr\/proveedores-aceitunas-por-mayor\/","og_locale":"fr_FR","og_type":"article","og_title":"Proveedores de aceitunas al por mayor - Escamilla","og_description":"\u00bfSabes que somos proveedores de aceitunas al por mayor? Si quieres incorporar nuestras Aceitunas Escamilla a tu negocio, contacta con nosotros.","og_url":"https:\/\/escamilla.es\/fr\/proveedores-aceitunas-por-mayor\/","og_site_name":"Escamilla","article_published_time":"2019-06-26T08:49:54+00:00","article_modified_time":"2022-12-12T10:35:37+00:00","og_image":[{"width":400,"height":252,"url":"https:\/\/i0.wp.com\/escamilla.es\/wp-content\/uploads\/2019\/06\/aceitunas-en-sevilla.png?fit=400%2C252&ssl=1","type":"image\/png"}],"author":"@programacion","twitter_card":"summary_large_image","twitter_misc":{"\u00c9crit par":"@programacion","Dur\u00e9e de lecture estim\u00e9e":"3 minutes"},"schema":{"@context":"https:\/\/schema.org","@graph":[{"@type":"Article","@id":"https:\/\/escamilla.es\/proveedores-aceitunas-por-mayor\/#article","isPartOf":{"@id":"https:\/\/escamilla.es\/proveedores-aceitunas-por-mayor\/"},"author":{"name":"@programacion","@id":"https:\/\/escamilla.es\/es_es\/#\/schema\/person\/02bb0f020eaecff3f22c205e6ace4e1a"},"headline":"Proveedores de aceitunas al por mayor","datePublished":"2019-06-26T08:49:54+00:00","dateModified":"2022-12-12T10:35:37+00:00","mainEntityOfPage":{"@id":"https:\/\/escamilla.es\/proveedores-aceitunas-por-mayor\/"},"wordCount":347,"commentCount":0,"publisher":{"@id":"https:\/\/escamilla.es\/es_es\/#organization"},"image":{"@id":"https:\/\/escamilla.es\/proveedores-aceitunas-por-mayor\/#primaryimage"},"thumbnailUrl":"https:\/\/escamilla.es\/wp-content\/uploads\/2019\/06\/aceitunas-en-sevilla.png","articleSection":["Blog"],"inLanguage":"fr-FR","potentialAction":[{"@type":"CommentAction","name":"Comment","target":["https:\/\/escamilla.es\/proveedores-aceitunas-por-mayor\/#respond"]}]},{"@type":"WebPage","@id":"https:\/\/escamilla.es\/proveedores-aceitunas-por-mayor\/","url":"https:\/\/escamilla.es\/proveedores-aceitunas-por-mayor\/","name":"Proveedores de aceitunas al por mayor - Escamilla","isPartOf":{"@id":"https:\/\/escamilla.es\/es_es\/#website"},"primaryImageOfPage":{"@id":"https:\/\/escamilla.es\/proveedores-aceitunas-por-mayor\/#primaryimage"},"image":{"@id":"https:\/\/escamilla.es\/proveedores-aceitunas-por-mayor\/#primaryimage"},"thumbnailUrl":"https:\/\/escamilla.es\/wp-content\/uploads\/2019\/06\/aceitunas-en-sevilla.png","datePublished":"2019-06-26T08:49:54+00:00","dateModified":"2022-12-12T10:35:37+00:00","description":"\u00bfSabes que somos proveedores de aceitunas al por mayor? Si quieres incorporar nuestras Aceitunas Escamilla a tu negocio, contacta con nosotros.","breadcrumb":{"@id":"https:\/\/escamilla.es\/proveedores-aceitunas-por-mayor\/#breadcrumb"},"inLanguage":"fr-FR","potentialAction":[{"@type":"ReadAction","target":["https:\/\/escamilla.es\/proveedores-aceitunas-por-mayor\/"]}]},{"@type":"ImageObject","inLanguage":"fr-FR","@id":"https:\/\/escamilla.es\/proveedores-aceitunas-por-mayor\/#primaryimage","url":"https:\/\/escamilla.es\/wp-content\/uploads\/2019\/06\/aceitunas-en-sevilla.png","contentUrl":"https:\/\/escamilla.es\/wp-content\/uploads\/2019\/06\/aceitunas-en-sevilla.png","width":400,"height":252},{"@type":"BreadcrumbList","@id":"https:\/\/escamilla.es\/proveedores-aceitunas-por-mayor\/#breadcrumb","itemListElement":[{"@type":"ListItem","position":1,"name":"Portada","item":"https:\/\/escamilla.es\/es_es\/"},{"@type":"ListItem","position":2,"name":"Blog","item":"https:\/\/escamilla.es\/es_es\/category\/blog\/"},{"@type":"ListItem","position":3,"name":"Proveedores de aceitunas al por mayor"}]},{"@type":"WebSite","@id":"https:\/\/escamilla.es\/es_es\/#website","url":"https:\/\/escamilla.es\/es_es\/","name":"Escamilla","description":"","publisher":{"@id":"https:\/\/escamilla.es\/es_es\/#organization"},"potentialAction":[{"@type":"SearchAction","target":{"@type":"EntryPoint","urlTemplate":"https:\/\/escamilla.es\/es_es\/?s={search_term_string}"},"query-input":{"@type":"PropertyValueSpecification","valueRequired":true,"valueName":"search_term_string"}}],"inLanguage":"fr-FR"},{"@type":"Organization","@id":"https:\/\/escamilla.es\/es_es\/#organization","name":"Escamilla","url":"https:\/\/escamilla.es\/es_es\/","logo":{"@type":"ImageObject","inLanguage":"fr-FR","@id":"https:\/\/escamilla.es\/es_es\/#\/schema\/logo\/image\/","url":"https:\/\/escamilla.es\/wp-content\/uploads\/2022\/03\/admin-ajax.jpg","contentUrl":"https:\/\/escamilla.es\/wp-content\/uploads\/2022\/03\/admin-ajax.jpg","width":100,"height":26,"caption":"Escamilla"},"image":{"@id":"https:\/\/escamilla.es\/es_es\/#\/schema\/logo\/image\/"}},{"@type":"Person","@id":"https:\/\/escamilla.es\/es_es\/#\/schema\/person\/02bb0f020eaecff3f22c205e6ace4e1a","name":"@programacion","image":{"@type":"ImageObject","inLanguage":"fr-FR","@id":"https:\/\/escamilla.es\/es_es\/#\/schema\/person\/image\/","url":"https:\/\/secure.gravatar.com\/avatar\/a5806cb0617e875b9acc82fba89175169764be9cad8d28cdf9bb50b34f9ceadd?s=96&d=mm&r=g","contentUrl":"https:\/\/secure.gravatar.com\/avatar\/a5806cb0617e875b9acc82fba89175169764be9cad8d28cdf9bb50b34f9ceadd?s=96&d=mm&r=g","caption":"@programacion"},"sameAs":["https:\/\/tienda.escamilla.es"],"url":"https:\/\/escamilla.es\/fr\/author\/programacion\/"}]}},"jetpack_featured_media_url":"https:\/\/escamilla.es\/wp-content\/uploads\/2019\/06\/aceitunas-en-sevilla.png","_links":{"self":[{"href":"https:\/\/escamilla.es\/fr\/wp-json\/wp\/v2\/posts\/10573","targetHints":{"allow":["GET"]}}],"collection":[{"href":"https:\/\/escamilla.es\/fr\/wp-json\/wp\/v2\/posts"}],"about":[{"href":"https:\/\/escamilla.es\/fr\/wp-json\/wp\/v2\/types\/post"}],"author":[{"embeddable":true,"href":"https:\/\/escamilla.es\/fr\/wp-json\/wp\/v2\/users\/1"}],"replies":[{"embeddable":true,"href":"https:\/\/escamilla.es\/fr\/wp-json\/wp\/v2\/comments?post=10573"}],"version-history":[{"count":28,"href":"https:\/\/escamilla.es\/fr\/wp-json\/wp\/v2\/posts\/10573\/revisions"}],"predecessor-version":[{"id":11834,"href":"https:\/\/escamilla.es\/fr\/wp-json\/wp\/v2\/posts\/10573\/revisions\/11834"}],"wp:featuredmedia":[{"embeddable":true,"href":"https:\/\/escamilla.es\/fr\/wp-json\/wp\/v2\/media\/10574"}],"wp:attachment":[{"href":"https:\/\/escamilla.es\/fr\/wp-json\/wp\/v2\/media?parent=10573"}],"wp:term":[{"taxonomy":"category","embeddable":true,"href":"https:\/\/escamilla.es\/fr\/wp-json\/wp\/v2\/categories?post=10573"},{"taxonomy":"post_tag","embeddable":true,"href":"https:\/\/escamilla.es\/fr\/wp-json\/wp\/v2\/tags?post=10573"}],"curies":[{"name":"wp","href":"https:\/\/api.w.org\/{rel}","templated":true}]}}