{"id":11000,"date":"2016-11-07T09:15:44","date_gmt":"2016-11-07T09:15:44","guid":{"rendered":"https:\/\/escamilla.es\/?p=2073"},"modified":"2016-11-07T09:15:44","modified_gmt":"2016-11-07T09:15:44","slug":"valor-gastronomico-de-la-aceituna-de-mesa","status":"publish","type":"post","link":"https:\/\/escamilla.es\/fr\/valor-gastronomico-de-la-aceituna-de-mesa\/","title":{"rendered":"Valeur gastronomique : l'olive de table"},"content":{"rendered":"<blockquote>\n<div class=\"content\">\n<p style=\"text-align: justify;\">L'olive de table s\u00e9villane comme atout gastronomique. Le pr\u00e9sident du Conseil provincial de S\u00e9ville, Fernando Rodr\u00edguez Villalobos, a pr\u00e9sent\u00e9 aujourd'hui la Semaine de l'olive de table de S\u00e9ville. <a href=\"https:\/\/escamilla.es\/fr\/es\/aceituna-de-mesa-sevillana-escamilla\/\">Olives de table de la province de S\u00e9ville<\/a>. Elle aura lieu entre le 24 et le 30 octobre. Ce sera le d\u00e9but d'un plan de promotion du tourisme.<\/p>\n<h3 style=\"text-align: justify;\">Valeur gastronomique unique du territoire, quel est l'objectif de ce plan ?<\/h3>\n<p style=\"text-align: justify;\">Diffuser, parmi les visiteurs actuels et potentiels, la connaissance de ce produit en tant que valeur gastronomique de la destination. M. Villalobos a pr\u00e9sent\u00e9 le nouveau guide touristique \"El Aceite y la Aceituna de Mesa de la Provincia de Sevilla\". Ces actions font partie du plan de promotion du tourisme de la province de S\u00e9ville 2016. Il est cofinanc\u00e9 par l'entreprise publique Turismo Andaluz.<\/p>\n<p style=\"text-align: justify;\">\"Il s'agit d'un des principaux secteurs g\u00e9n\u00e9rateurs d'emplois dans les campagnes. Mais aussi dans l'industrie de transformation et dans l'industrie auxiliaire. \u00c0 tel point qu'il est traditionnellement l'un des moteurs de l'\u00e9conomie s\u00e9villane\", a indiqu\u00e9 M. Villalobos.<\/p>\n<p style=\"text-align: justify;\">S\u00e9ville est le premier producteur, transformateur et exportateur d'olives de table en Espagne. Environ 70% de la production nationale proviennent des oliviers de S\u00e9ville. M. Villalobos indique \u00e9galement que 63% de toutes les olives de table produites en Espagne sont destin\u00e9es \u00e0 l'exportation.<\/p>\n<p style=\"text-align: justify;\">Quel est l'objectif du plan de promotion touristique des olives de table dans la province de S\u00e9ville ? Consolider ce produit en tant qu'\u00e9l\u00e9ment d'attraction de la province aupr\u00e8s du public int\u00e9ress\u00e9 par la gastronomie, les produits de qualit\u00e9 et les exp\u00e9riences touristiques uniques.<\/p>\n<h3><strong>Tableau Semaine ol\u00e9icole de la province de S\u00e9ville<\/strong><\/h3>\n<p>Dans le cadre de ce plan, la Diputaci\u00f3n Provincial, par l'interm\u00e9diaire de Prodetur, a organis\u00e9 la Semaine de l'olive de table de la province de S\u00e9ville. Elle se d\u00e9roulera du 24 au 30 octobre. L'objectif est de promouvoir le produit gastronomique \u00e0 partir du lundi 24 octobre prochain.<\/p>\n<p>Les Journ\u00e9es gastronomiques de l'olive de table seront organis\u00e9es en collaboration avec l'Association des entreprises de l'h\u00f4tellerie et de la restauration. Au cours de ces journ\u00e9es, les \u00e9tablissements de restauration associ\u00e9s proposeront des d\u00e9gustations et des menus sp\u00e9ciaux \u00e0 base d'olives de table.<\/p>\n<p>Le mardi 25, une rencontre avec les m\u00e9dias et les blogueurs culinaires est pr\u00e9vue. Ils participeront \u00e0 une d\u00e9gustation d'olives et assisteront \u00e0 une s\u00e9ance de showcooking. Cette rencontre aura lieu au restaurant \"Tragaldabas\", propri\u00e9t\u00e9 du c\u00e9l\u00e8bre chef de t\u00e9l\u00e9vision Enrique S\u00e1nchez, dans la ville de S\u00e9ville.<\/p>\n<p>Le lendemain, mercredi 26, Prodetur a organis\u00e9 une conf\u00e9rence technique. Elle collaborera avec les diff\u00e9rentes entit\u00e9s qui constituent le r\u00e9seau commercial et social du secteur ol\u00e9icole. La conf\u00e9rence se tiendra \u00e0 la Casa de la Provincia. Elle s'adresse sp\u00e9cifiquement aux ol\u00e9iculteurs et aux entreprises du secteur. Elle traitera en particulier de l'appellation de qualit\u00e9 en tant que strat\u00e9gie de protection, de promotion et de commercialisation des olives de table de S\u00e9ville.<\/p>\n<h3><strong>Quelle est la dur\u00e9e de vie du produit ?<\/strong><\/h3>\n<p>Un cours intitul\u00e9 \"Gamification dans le secteur de l'olive de table\" d\u00e9butera le jeudi 27. L'objectif du cours est d'introduire l'utilisation de techniques et de dynamiques de jeux et de loisirs. En outre, des m\u00e9thodes seront enseign\u00e9es pour ouvrir de nouvelles lignes de marketing dans la promotion du secteur. Il se tiendra dans la municipalit\u00e9 d'Arahal jusqu'au 11 novembre.<\/p>\n<p>Du vendredi 28 au dimanche 30, des olives de S\u00e9ville seront distribu\u00e9es dans les h\u00f4tels de S\u00e9ville et de la province. Cette op\u00e9ration sera r\u00e9alis\u00e9e en collaboration avec l'Association des entreprises h\u00f4teli\u00e8res.<\/p>\n<p>Parall\u00e8lement, des olives de la province seront distribu\u00e9es dans diff\u00e9rents lieux touristiques de la capitale. Les olives seront disponibles \u00e0 l'a\u00e9roport de San Pablo et \u00e0 la gare de Santa Justa.<\/p>\n<p>En outre, tout au long de la semaine, le r\u00e9seau d'offices de tourisme de la province informera les visiteurs de la c\u00e9l\u00e9bration de la Semaine de promotion de l'olive de table. Une d\u00e9gustation sera offerte \u00e0 tous les touristes.<\/p>\n<p>Cette semaine fait suite \u00e0 une autre organis\u00e9e en mai dernier. Cette derni\u00e8re \u00e9tait consacr\u00e9e \u00e0 la promotion de l'huile d'olive extra vierge en tant que valeur gastronomique du territoire.<\/p>\n<p>Guide de l'huile d'olive et des olives de table dans la province de Valence<\/p>\n<p>Le plan de promotion touristique des olives de table et de l'huile d'olive dans la province pr\u00e9voit la r\u00e9impression du Guide de l'huile d'olive et des olives de la province de S\u00e9ville, que le pr\u00e9sident du conseil provincial a pr\u00e9sent\u00e9 aujourd'hui.<\/p>\n<p>Il s'agit d'un catalogue agile et convivial, avec une liste des principales zones de production de la province, organis\u00e9e par r\u00e9gion, et une liste des principales entreprises du secteur, au nombre de 117, avec une mention sp\u00e9ciale pour celles qui proposent des activit\u00e9s de tourisme industriel, avec des visites de leurs installations.<\/p>\n<p>Par rapport \u00e0 celui publi\u00e9 par Prodetur-Turismo de la Provincia en 2008, le nombre de communes repr\u00e9sent\u00e9es a \u00e9t\u00e9 augment\u00e9 de 10, soit 52 communes.<\/p>\n<h2>Quel est l'objectif ?<\/h2>\n<p>Valeur gastronomique : Selon M. Villalobos, l'objectif de cette publication est de \"promouvoir la pratique de l'ol\u00e9otourisme. Il s'agit de faire conna\u00eetre la culture de l'olivier sur notre territoire \u00e0 travers des visites d'oliveraies et d'entreprises du secteur\".<\/p>\n<p>Ce guide explique l'importance de l'olivier et de ses d\u00e9riv\u00e9s dans l'histoire et la culture de S\u00e9ville. L'importance de l'huile et des olives dans l'\u00e9conomie de la province ; les bienfaits de l'huile dans un r\u00e9gime alimentaire sain. La valeur de l'huile dans les recettes traditionnelles des villages s\u00e9villans ; et les vari\u00e9t\u00e9s d'olives que la province a \u00e0 offrir ainsi que les types d'huile. \"La qualit\u00e9 de nos produits fait de nous une r\u00e9f\u00e9rence sur le march\u00e9.<\/p>\n<\/div>\n<div class=\"data\">\n<ul>\n<li style=\"text-align: justify;\"><span class=\"type\">Source : <\/span><a href=\"http:\/\/www.prodetur.es\/#\" target=\"_blank\" rel=\"noopener\">Prodetur<\/a><\/li>\n<\/ul>\n<\/div>\n<\/blockquote>","protected":false},"excerpt":{"rendered":"<p>L'olive de table s\u00e9villane comme atout gastronomique. Le pr\u00e9sident du Conseil provincial de S\u00e9ville, Fernando Rodr\u00edguez Villalobos, a pr\u00e9sent\u00e9 aujourd'hui le projet \"L'olive de table de S\u00e9ville comme atout gastronomique\".<\/p>","protected":false},"author":1,"featured_media":11001,"comment_status":"open","ping_status":"open","sticky":false,"template":"","format":"standard","meta":{"footnotes":""},"categories":[98],"tags":[],"class_list":["post-11000","post","type-post","status-publish","format-standard","has-post-thumbnail","hentry","category-blog"],"yoast_head":"<!-- This site is optimized with the Yoast SEO plugin v23.4 - https:\/\/yoast.com\/wordpress\/plugins\/seo\/ -->\n<title>Valor gastron\u00f3mico: La aceituna de mesa - Escamilla<\/title>\n<meta name=\"description\" content=\"La aceituna de mesa aporta un gran valor gastron\u00f3mico del territorio. En Escamilla somos expertos desde 1950 y sabemos de qu\u00e9 hablan\" \/>\n<meta name=\"robots\" content=\"index, follow, max-snippet:-1, max-image-preview:large, max-video-preview:-1\" \/>\n<link rel=\"canonical\" href=\"https:\/\/escamilla.es\/fr\/valor-gastronomico-de-la-aceituna-de-mesa\/\" \/>\n<meta property=\"og:locale\" content=\"fr_FR\" \/>\n<meta property=\"og:type\" content=\"article\" \/>\n<meta property=\"og:title\" content=\"Valor gastron\u00f3mico: La aceituna de mesa - Escamilla\" \/>\n<meta property=\"og:description\" content=\"La aceituna de mesa aporta un gran valor gastron\u00f3mico del territorio. En Escamilla somos expertos desde 1950 y sabemos de qu\u00e9 hablan\" \/>\n<meta property=\"og:url\" content=\"https:\/\/escamilla.es\/fr\/valor-gastronomico-de-la-aceituna-de-mesa\/\" \/>\n<meta property=\"og:site_name\" content=\"Escamilla\" \/>\n<meta property=\"article:published_time\" content=\"2016-11-07T09:15:44+00:00\" \/>\n<meta property=\"og:image\" content=\"https:\/\/i0.wp.com\/escamilla.es\/wp-content\/uploads\/2018\/11\/10-201016-Semana-Aceituna-Mesa_detail.jpg?fit=560%2C373&ssl=1\" \/>\n\t<meta property=\"og:image:width\" content=\"560\" \/>\n\t<meta property=\"og:image:height\" content=\"373\" \/>\n\t<meta property=\"og:image:type\" content=\"image\/jpeg\" \/>\n<meta name=\"author\" content=\"@programacion\" \/>\n<meta name=\"twitter:card\" content=\"summary_large_image\" \/>\n<meta name=\"twitter:label1\" content=\"\u00c9crit par\" \/>\n\t<meta name=\"twitter:data1\" content=\"@programacion\" \/>\n\t<meta name=\"twitter:label2\" content=\"Dur\u00e9e de lecture estim\u00e9e\" \/>\n\t<meta name=\"twitter:data2\" content=\"5 minutes\" \/>\n<script type=\"application\/ld+json\" class=\"yoast-schema-graph\">{\"@context\":\"https:\/\/schema.org\",\"@graph\":[{\"@type\":\"Article\",\"@id\":\"https:\/\/escamilla.es\/fr\/valor-gastronomico-de-la-aceituna-de-mesa\/#article\",\"isPartOf\":{\"@id\":\"https:\/\/escamilla.es\/fr\/valor-gastronomico-de-la-aceituna-de-mesa\/\"},\"author\":{\"name\":\"@programacion\",\"@id\":\"https:\/\/escamilla.es\/es_es\/#\/schema\/person\/02bb0f020eaecff3f22c205e6ace4e1a\"},\"headline\":\"Valor gastron\u00f3mico: La aceituna de mesa\",\"datePublished\":\"2016-11-07T09:15:44+00:00\",\"dateModified\":\"2016-11-07T09:15:44+00:00\",\"mainEntityOfPage\":{\"@id\":\"https:\/\/escamilla.es\/fr\/valor-gastronomico-de-la-aceituna-de-mesa\/\"},\"wordCount\":1038,\"commentCount\":0,\"publisher\":{\"@id\":\"https:\/\/escamilla.es\/es_es\/#organization\"},\"image\":{\"@id\":\"https:\/\/escamilla.es\/fr\/valor-gastronomico-de-la-aceituna-de-mesa\/#primaryimage\"},\"thumbnailUrl\":\"https:\/\/escamilla.es\/wp-content\/uploads\/2018\/11\/10-201016-Semana-Aceituna-Mesa_detail.jpg\",\"articleSection\":[\"Blog\"],\"inLanguage\":\"fr-FR\",\"potentialAction\":[{\"@type\":\"CommentAction\",\"name\":\"Comment\",\"target\":[\"https:\/\/escamilla.es\/fr\/valor-gastronomico-de-la-aceituna-de-mesa\/#respond\"]}]},{\"@type\":\"WebPage\",\"@id\":\"https:\/\/escamilla.es\/fr\/valor-gastronomico-de-la-aceituna-de-mesa\/\",\"url\":\"https:\/\/escamilla.es\/fr\/valor-gastronomico-de-la-aceituna-de-mesa\/\",\"name\":\"Valor gastron\u00f3mico: La aceituna de mesa - Escamilla\",\"isPartOf\":{\"@id\":\"https:\/\/escamilla.es\/es_es\/#website\"},\"primaryImageOfPage\":{\"@id\":\"https:\/\/escamilla.es\/fr\/valor-gastronomico-de-la-aceituna-de-mesa\/#primaryimage\"},\"image\":{\"@id\":\"https:\/\/escamilla.es\/fr\/valor-gastronomico-de-la-aceituna-de-mesa\/#primaryimage\"},\"thumbnailUrl\":\"https:\/\/escamilla.es\/wp-content\/uploads\/2018\/11\/10-201016-Semana-Aceituna-Mesa_detail.jpg\",\"datePublished\":\"2016-11-07T09:15:44+00:00\",\"dateModified\":\"2016-11-07T09:15:44+00:00\",\"description\":\"La aceituna de mesa aporta un gran valor gastron\u00f3mico del territorio. En Escamilla somos expertos desde 1950 y sabemos de qu\u00e9 hablan\",\"breadcrumb\":{\"@id\":\"https:\/\/escamilla.es\/fr\/valor-gastronomico-de-la-aceituna-de-mesa\/#breadcrumb\"},\"inLanguage\":\"fr-FR\",\"potentialAction\":[{\"@type\":\"ReadAction\",\"target\":[\"https:\/\/escamilla.es\/fr\/valor-gastronomico-de-la-aceituna-de-mesa\/\"]}]},{\"@type\":\"ImageObject\",\"inLanguage\":\"fr-FR\",\"@id\":\"https:\/\/escamilla.es\/fr\/valor-gastronomico-de-la-aceituna-de-mesa\/#primaryimage\",\"url\":\"https:\/\/escamilla.es\/wp-content\/uploads\/2018\/11\/10-201016-Semana-Aceituna-Mesa_detail.jpg\",\"contentUrl\":\"https:\/\/escamilla.es\/wp-content\/uploads\/2018\/11\/10-201016-Semana-Aceituna-Mesa_detail.jpg\",\"width\":560,\"height\":373},{\"@type\":\"BreadcrumbList\",\"@id\":\"https:\/\/escamilla.es\/fr\/valor-gastronomico-de-la-aceituna-de-mesa\/#breadcrumb\",\"itemListElement\":[{\"@type\":\"ListItem\",\"position\":1,\"name\":\"Portada\",\"item\":\"https:\/\/escamilla.es\/es_es\/\"},{\"@type\":\"ListItem\",\"position\":2,\"name\":\"Blog\",\"item\":\"https:\/\/escamilla.es\/es_es\/category\/blog\/\"},{\"@type\":\"ListItem\",\"position\":3,\"name\":\"Valor gastron\u00f3mico: La aceituna de mesa\"}]},{\"@type\":\"WebSite\",\"@id\":\"https:\/\/escamilla.es\/es_es\/#website\",\"url\":\"https:\/\/escamilla.es\/es_es\/\",\"name\":\"Escamilla\",\"description\":\"\",\"publisher\":{\"@id\":\"https:\/\/escamilla.es\/es_es\/#organization\"},\"potentialAction\":[{\"@type\":\"SearchAction\",\"target\":{\"@type\":\"EntryPoint\",\"urlTemplate\":\"https:\/\/escamilla.es\/es_es\/?s={search_term_string}\"},\"query-input\":{\"@type\":\"PropertyValueSpecification\",\"valueRequired\":true,\"valueName\":\"search_term_string\"}}],\"inLanguage\":\"fr-FR\"},{\"@type\":\"Organization\",\"@id\":\"https:\/\/escamilla.es\/es_es\/#organization\",\"name\":\"Escamilla\",\"url\":\"https:\/\/escamilla.es\/es_es\/\",\"logo\":{\"@type\":\"ImageObject\",\"inLanguage\":\"fr-FR\",\"@id\":\"https:\/\/escamilla.es\/es_es\/#\/schema\/logo\/image\/\",\"url\":\"https:\/\/escamilla.es\/wp-content\/uploads\/2022\/03\/admin-ajax.jpg\",\"contentUrl\":\"https:\/\/escamilla.es\/wp-content\/uploads\/2022\/03\/admin-ajax.jpg\",\"width\":100,\"height\":26,\"caption\":\"Escamilla\"},\"image\":{\"@id\":\"https:\/\/escamilla.es\/es_es\/#\/schema\/logo\/image\/\"}},{\"@type\":\"Person\",\"@id\":\"https:\/\/escamilla.es\/es_es\/#\/schema\/person\/02bb0f020eaecff3f22c205e6ace4e1a\",\"name\":\"@programacion\",\"image\":{\"@type\":\"ImageObject\",\"inLanguage\":\"fr-FR\",\"@id\":\"https:\/\/escamilla.es\/es_es\/#\/schema\/person\/image\/\",\"url\":\"https:\/\/secure.gravatar.com\/avatar\/a5806cb0617e875b9acc82fba89175169764be9cad8d28cdf9bb50b34f9ceadd?s=96&d=mm&r=g\",\"contentUrl\":\"https:\/\/secure.gravatar.com\/avatar\/a5806cb0617e875b9acc82fba89175169764be9cad8d28cdf9bb50b34f9ceadd?s=96&d=mm&r=g\",\"caption\":\"@programacion\"},\"sameAs\":[\"https:\/\/tienda.escamilla.es\"],\"url\":\"https:\/\/escamilla.es\/fr\/author\/programacion\/\"}]}<\/script>\n<!-- \/ Yoast SEO plugin. -->","yoast_head_json":{"title":"Valor gastron\u00f3mico: La aceituna de mesa - Escamilla","description":"La aceituna de mesa aporta un gran valor gastron\u00f3mico del territorio. En Escamilla somos expertos desde 1950 y sabemos de qu\u00e9 hablan","robots":{"index":"index","follow":"follow","max-snippet":"max-snippet:-1","max-image-preview":"max-image-preview:large","max-video-preview":"max-video-preview:-1"},"canonical":"https:\/\/escamilla.es\/fr\/valor-gastronomico-de-la-aceituna-de-mesa\/","og_locale":"fr_FR","og_type":"article","og_title":"Valor gastron\u00f3mico: La aceituna de mesa - Escamilla","og_description":"La aceituna de mesa aporta un gran valor gastron\u00f3mico del territorio. En Escamilla somos expertos desde 1950 y sabemos de qu\u00e9 hablan","og_url":"https:\/\/escamilla.es\/fr\/valor-gastronomico-de-la-aceituna-de-mesa\/","og_site_name":"Escamilla","article_published_time":"2016-11-07T09:15:44+00:00","og_image":[{"width":560,"height":373,"url":"https:\/\/i0.wp.com\/escamilla.es\/wp-content\/uploads\/2018\/11\/10-201016-Semana-Aceituna-Mesa_detail.jpg?fit=560%2C373&ssl=1","type":"image\/jpeg"}],"author":"@programacion","twitter_card":"summary_large_image","twitter_misc":{"\u00c9crit par":"@programacion","Dur\u00e9e de lecture estim\u00e9e":"5 minutes"},"schema":{"@context":"https:\/\/schema.org","@graph":[{"@type":"Article","@id":"https:\/\/escamilla.es\/fr\/valor-gastronomico-de-la-aceituna-de-mesa\/#article","isPartOf":{"@id":"https:\/\/escamilla.es\/fr\/valor-gastronomico-de-la-aceituna-de-mesa\/"},"author":{"name":"@programacion","@id":"https:\/\/escamilla.es\/es_es\/#\/schema\/person\/02bb0f020eaecff3f22c205e6ace4e1a"},"headline":"Valor gastron\u00f3mico: La aceituna de mesa","datePublished":"2016-11-07T09:15:44+00:00","dateModified":"2016-11-07T09:15:44+00:00","mainEntityOfPage":{"@id":"https:\/\/escamilla.es\/fr\/valor-gastronomico-de-la-aceituna-de-mesa\/"},"wordCount":1038,"commentCount":0,"publisher":{"@id":"https:\/\/escamilla.es\/es_es\/#organization"},"image":{"@id":"https:\/\/escamilla.es\/fr\/valor-gastronomico-de-la-aceituna-de-mesa\/#primaryimage"},"thumbnailUrl":"https:\/\/escamilla.es\/wp-content\/uploads\/2018\/11\/10-201016-Semana-Aceituna-Mesa_detail.jpg","articleSection":["Blog"],"inLanguage":"fr-FR","potentialAction":[{"@type":"CommentAction","name":"Comment","target":["https:\/\/escamilla.es\/fr\/valor-gastronomico-de-la-aceituna-de-mesa\/#respond"]}]},{"@type":"WebPage","@id":"https:\/\/escamilla.es\/fr\/valor-gastronomico-de-la-aceituna-de-mesa\/","url":"https:\/\/escamilla.es\/fr\/valor-gastronomico-de-la-aceituna-de-mesa\/","name":"Valor gastron\u00f3mico: La aceituna de mesa - Escamilla","isPartOf":{"@id":"https:\/\/escamilla.es\/es_es\/#website"},"primaryImageOfPage":{"@id":"https:\/\/escamilla.es\/fr\/valor-gastronomico-de-la-aceituna-de-mesa\/#primaryimage"},"image":{"@id":"https:\/\/escamilla.es\/fr\/valor-gastronomico-de-la-aceituna-de-mesa\/#primaryimage"},"thumbnailUrl":"https:\/\/escamilla.es\/wp-content\/uploads\/2018\/11\/10-201016-Semana-Aceituna-Mesa_detail.jpg","datePublished":"2016-11-07T09:15:44+00:00","dateModified":"2016-11-07T09:15:44+00:00","description":"La aceituna de mesa aporta un gran valor gastron\u00f3mico del territorio. En Escamilla somos expertos desde 1950 y sabemos de qu\u00e9 hablan","breadcrumb":{"@id":"https:\/\/escamilla.es\/fr\/valor-gastronomico-de-la-aceituna-de-mesa\/#breadcrumb"},"inLanguage":"fr-FR","potentialAction":[{"@type":"ReadAction","target":["https:\/\/escamilla.es\/fr\/valor-gastronomico-de-la-aceituna-de-mesa\/"]}]},{"@type":"ImageObject","inLanguage":"fr-FR","@id":"https:\/\/escamilla.es\/fr\/valor-gastronomico-de-la-aceituna-de-mesa\/#primaryimage","url":"https:\/\/escamilla.es\/wp-content\/uploads\/2018\/11\/10-201016-Semana-Aceituna-Mesa_detail.jpg","contentUrl":"https:\/\/escamilla.es\/wp-content\/uploads\/2018\/11\/10-201016-Semana-Aceituna-Mesa_detail.jpg","width":560,"height":373},{"@type":"BreadcrumbList","@id":"https:\/\/escamilla.es\/fr\/valor-gastronomico-de-la-aceituna-de-mesa\/#breadcrumb","itemListElement":[{"@type":"ListItem","position":1,"name":"Portada","item":"https:\/\/escamilla.es\/es_es\/"},{"@type":"ListItem","position":2,"name":"Blog","item":"https:\/\/escamilla.es\/es_es\/category\/blog\/"},{"@type":"ListItem","position":3,"name":"Valor gastron\u00f3mico: La aceituna de mesa"}]},{"@type":"WebSite","@id":"https:\/\/escamilla.es\/es_es\/#website","url":"https:\/\/escamilla.es\/es_es\/","name":"Escamilla","description":"","publisher":{"@id":"https:\/\/escamilla.es\/es_es\/#organization"},"potentialAction":[{"@type":"SearchAction","target":{"@type":"EntryPoint","urlTemplate":"https:\/\/escamilla.es\/es_es\/?s={search_term_string}"},"query-input":{"@type":"PropertyValueSpecification","valueRequired":true,"valueName":"search_term_string"}}],"inLanguage":"fr-FR"},{"@type":"Organization","@id":"https:\/\/escamilla.es\/es_es\/#organization","name":"Escamilla","url":"https:\/\/escamilla.es\/es_es\/","logo":{"@type":"ImageObject","inLanguage":"fr-FR","@id":"https:\/\/escamilla.es\/es_es\/#\/schema\/logo\/image\/","url":"https:\/\/escamilla.es\/wp-content\/uploads\/2022\/03\/admin-ajax.jpg","contentUrl":"https:\/\/escamilla.es\/wp-content\/uploads\/2022\/03\/admin-ajax.jpg","width":100,"height":26,"caption":"Escamilla"},"image":{"@id":"https:\/\/escamilla.es\/es_es\/#\/schema\/logo\/image\/"}},{"@type":"Person","@id":"https:\/\/escamilla.es\/es_es\/#\/schema\/person\/02bb0f020eaecff3f22c205e6ace4e1a","name":"@programacion","image":{"@type":"ImageObject","inLanguage":"fr-FR","@id":"https:\/\/escamilla.es\/es_es\/#\/schema\/person\/image\/","url":"https:\/\/secure.gravatar.com\/avatar\/a5806cb0617e875b9acc82fba89175169764be9cad8d28cdf9bb50b34f9ceadd?s=96&d=mm&r=g","contentUrl":"https:\/\/secure.gravatar.com\/avatar\/a5806cb0617e875b9acc82fba89175169764be9cad8d28cdf9bb50b34f9ceadd?s=96&d=mm&r=g","caption":"@programacion"},"sameAs":["https:\/\/tienda.escamilla.es"],"url":"https:\/\/escamilla.es\/fr\/author\/programacion\/"}]}},"jetpack_featured_media_url":"https:\/\/escamilla.es\/wp-content\/uploads\/2018\/11\/10-201016-Semana-Aceituna-Mesa_detail.jpg","_links":{"self":[{"href":"https:\/\/escamilla.es\/fr\/wp-json\/wp\/v2\/posts\/11000","targetHints":{"allow":["GET"]}}],"collection":[{"href":"https:\/\/escamilla.es\/fr\/wp-json\/wp\/v2\/posts"}],"about":[{"href":"https:\/\/escamilla.es\/fr\/wp-json\/wp\/v2\/types\/post"}],"author":[{"embeddable":true,"href":"https:\/\/escamilla.es\/fr\/wp-json\/wp\/v2\/users\/1"}],"replies":[{"embeddable":true,"href":"https:\/\/escamilla.es\/fr\/wp-json\/wp\/v2\/comments?post=11000"}],"version-history":[{"count":0,"href":"https:\/\/escamilla.es\/fr\/wp-json\/wp\/v2\/posts\/11000\/revisions"}],"wp:featuredmedia":[{"embeddable":true,"href":"https:\/\/escamilla.es\/fr\/wp-json\/wp\/v2\/media\/11001"}],"wp:attachment":[{"href":"https:\/\/escamilla.es\/fr\/wp-json\/wp\/v2\/media?parent=11000"}],"wp:term":[{"taxonomy":"category","embeddable":true,"href":"https:\/\/escamilla.es\/fr\/wp-json\/wp\/v2\/categories?post=11000"},{"taxonomy":"post_tag","embeddable":true,"href":"https:\/\/escamilla.es\/fr\/wp-json\/wp\/v2\/tags?post=11000"}],"curies":[{"name":"wp","href":"https:\/\/api.w.org\/{rel}","templated":true}]}}