{"id":11439,"date":"2022-04-13T09:06:00","date_gmt":"2022-04-13T09:06:00","guid":{"rendered":"https:\/\/tienda.escamilla.es\/?p=11439"},"modified":"2022-06-13T07:09:49","modified_gmt":"2022-06-13T07:09:49","slug":"sevillian-mancanilla-olives","status":"publish","type":"post","link":"https:\/\/escamilla.es\/fr\/sevillian-mancanilla-olives\/","title":{"rendered":"OLIVES MANZANILLA DE S\u00c9VILLE"},"content":{"rendered":"<div data-elementor-type=\"wp-post\" data-elementor-id=\"11439\" class=\"elementor elementor-11439\" data-elementor-post-type=\"post\">\n\t\t\t\t\t\t<section class=\"elementor-section elementor-top-section elementor-element elementor-element-443b4ccb elementor-section-boxed elementor-section-height-default elementor-section-height-default wd-section-disabled\" data-id=\"443b4ccb\" data-element_type=\"section\">\n\t\t\t\t\t\t<div class=\"elementor-container elementor-column-gap-default\">\n\t\t\t\t\t<div class=\"elementor-column elementor-col-100 elementor-top-column elementor-element elementor-element-55b2d207\" data-id=\"55b2d207\" data-element_type=\"column\">\n\t\t\t<div class=\"elementor-widget-wrap elementor-element-populated\">\n\t\t\t\t\t\t<div class=\"elementor-element elementor-element-53c42e33 color-scheme-inherit text-left elementor-widget elementor-widget-text-editor\" data-id=\"53c42e33\" data-element_type=\"widget\" data-widget_type=\"text-editor.default\">\n\t\t\t\t<div class=\"elementor-widget-container\">\n\t\t\t\t\t\t\t<p><strong>Olives d'Escamilla<\/strong> se consacre \u00e0 la production, \u00e0 l'habillage et \u00e0 l'emballage de<strong> olives manzanilla s\u00e9villanes<\/strong>\u00a0depuis 1950. Les deux <strong>manzanilla sevillana et gordal sevillana<\/strong> constituent la majorit\u00e9 de la production d'olives dans la province de S\u00e9ville.<br \/>Connaissez-vous les bienfaits des olives \u00e0 la camomille ? Nous vous en parlons ici :<\/p>\t\t\t\t\t\t<\/div>\n\t\t\t\t<\/div>\n\t\t\t\t\t<\/div>\n\t\t<\/div>\n\t\t\t\t\t<\/div>\n\t\t<\/section>\n\t\t\t\t<section class=\"elementor-section elementor-top-section elementor-element elementor-element-fa97d1c elementor-section-boxed elementor-section-height-default elementor-section-height-default wd-section-disabled\" data-id=\"fa97d1c\" data-element_type=\"section\">\n\t\t\t\t\t\t<div class=\"elementor-container elementor-column-gap-default\">\n\t\t\t\t\t<div class=\"elementor-column elementor-col-50 elementor-top-column elementor-element elementor-element-4e7cb56\" data-id=\"4e7cb56\" data-element_type=\"column\">\n\t\t\t<div class=\"elementor-widget-wrap elementor-element-populated\">\n\t\t\t\t\t\t<div class=\"elementor-element elementor-element-27d4072 color-scheme-inherit text-left elementor-widget elementor-widget-text-editor\" data-id=\"27d4072\" data-element_type=\"widget\" data-widget_type=\"text-editor.default\">\n\t\t\t\t<div class=\"elementor-widget-container\">\n\t\t\t\t\t\t\t<h2>QUELS SONT SES AVANTAGES ?<\/h2><p>Il y a sans aucun doute de nombreuses raisons de choisir le <strong>Olive manzanilla de S\u00e9ville comme entr\u00e9e principale :<\/strong><\/p><ul><li>Il s'agit d'une <strong>des aliments nutritifs,<\/strong> en raison de sa teneur \u00e9lev\u00e9e en min\u00e9raux tels que <strong>sodium, potassium, magn\u00e9sium, magn\u00e9sium, fer, phosphore<\/strong>&#8230;.<\/li><li>Il s'agit d'une<strong> source importante de calcium et sont \u00e9galement des antioxydants<\/strong> parce qu'ils contiennent <strong>vitamines A, B, C et E.<\/strong><\/li><li>\u00a0Elles contiennent de l'acide ol\u00e9ique, qui prot\u00e8ge le c\u0153ur et la peau. <strong>pr\u00e9vient l'apparition de maladies cardiovasculaires.<\/strong><\/li><li>Ils vous aident \u00e0 prendre soin de votre<strong> syst\u00e8me immunitaire et renforcer vos d\u00e9fenses.<\/strong><\/li><\/ul>\t\t\t\t\t\t<\/div>\n\t\t\t\t<\/div>\n\t\t\t\t<div class=\"elementor-element elementor-element-8c17063 elementor-hidden-mobile elementor-widget elementor-widget-spacer\" data-id=\"8c17063\" data-element_type=\"widget\" data-widget_type=\"spacer.default\">\n\t\t\t\t<div class=\"elementor-widget-container\">\n\t\t\t\t\t<div class=\"elementor-spacer\">\n\t\t\t<div class=\"elementor-spacer-inner\"><\/div>\n\t\t<\/div>\n\t\t\t\t<\/div>\n\t\t\t\t<\/div>\n\t\t\t\t\t<\/div>\n\t\t<\/div>\n\t\t\t\t<div class=\"elementor-column elementor-col-50 elementor-top-column elementor-element elementor-element-bb4bcd1\" data-id=\"bb4bcd1\" data-element_type=\"column\">\n\t\t\t<div class=\"elementor-widget-wrap elementor-element-populated\">\n\t\t\t\t\t\t<div class=\"elementor-element elementor-element-58c9763 elementor-hidden-desktop elementor-hidden-mobile elementor-widget elementor-widget-spacer\" data-id=\"58c9763\" data-element_type=\"widget\" data-widget_type=\"spacer.default\">\n\t\t\t\t<div class=\"elementor-widget-container\">\n\t\t\t\t\t<div class=\"elementor-spacer\">\n\t\t\t<div class=\"elementor-spacer-inner\"><\/div>\n\t\t<\/div>\n\t\t\t\t<\/div>\n\t\t\t\t<\/div>\n\t\t\t\t<div class=\"elementor-element elementor-element-3f158b8 elementor-widget elementor-widget-image\" data-id=\"3f158b8\" data-element_type=\"widget\" data-widget_type=\"image.default\">\n\t\t\t\t<div class=\"elementor-widget-container\">\n\t\t\t\t\t\t\t\t\t\t\t\t\t<img fetchpriority=\"high\" decoding=\"async\" width=\"570\" height=\"373\" src=\"https:\/\/escamilla.es\/wp-content\/uploads\/2018\/11\/portada-post-manzanilla.jpg\" class=\"attachment-full size-full wp-image-10951\" alt=\"Aceitunas Manzanilla Sevillana\" srcset=\"https:\/\/escamilla.es\/wp-content\/uploads\/2018\/11\/portada-post-manzanilla.jpg 570w, https:\/\/escamilla.es\/wp-content\/uploads\/2018\/11\/portada-post-manzanilla-400x262.jpg 400w, https:\/\/escamilla.es\/wp-content\/uploads\/2018\/11\/portada-post-manzanilla-430x281.jpg 430w, https:\/\/escamilla.es\/wp-content\/uploads\/2018\/11\/portada-post-manzanilla-150x98.jpg 150w\" sizes=\"(max-width: 570px) 100vw, 570px\" \/>\t\t\t\t\t\t\t\t\t\t\t\t\t<\/div>\n\t\t\t\t<\/div>\n\t\t\t\t<div class=\"elementor-element elementor-element-7ad9146 elementor-hidden-desktop elementor-hidden-tablet elementor-widget elementor-widget-spacer\" data-id=\"7ad9146\" data-element_type=\"widget\" data-widget_type=\"spacer.default\">\n\t\t\t\t<div class=\"elementor-widget-container\">\n\t\t\t\t\t<div class=\"elementor-spacer\">\n\t\t\t<div class=\"elementor-spacer-inner\"><\/div>\n\t\t<\/div>\n\t\t\t\t<\/div>\n\t\t\t\t<\/div>\n\t\t\t\t\t<\/div>\n\t\t<\/div>\n\t\t\t\t\t<\/div>\n\t\t<\/section>\n\t\t\t\t<section class=\"elementor-section elementor-top-section elementor-element elementor-element-4b66c3c elementor-section-stretched elementor-section-boxed elementor-section-height-default elementor-section-height-default wd-section-disabled\" data-id=\"4b66c3c\" data-element_type=\"section\" data-settings=\"{&quot;stretch_section&quot;:&quot;section-stretched&quot;,&quot;background_background&quot;:&quot;classic&quot;}\">\n\t\t\t\t\t\t<div class=\"elementor-container elementor-column-gap-default\">\n\t\t\t\t\t<div class=\"elementor-column elementor-col-100 elementor-top-column elementor-element elementor-element-5edfe54\" data-id=\"5edfe54\" data-element_type=\"column\">\n\t\t\t<div class=\"elementor-widget-wrap elementor-element-populated\">\n\t\t\t\t\t\t<div class=\"elementor-element elementor-element-26a8aa6 color-scheme-inherit text-left elementor-widget elementor-widget-text-editor\" data-id=\"26a8aa6\" data-element_type=\"widget\" data-widget_type=\"text-editor.default\">\n\t\t\t\t<div class=\"elementor-widget-container\">\n\t\t\t\t\t\t\t<h2><span style=\"color: #ffffff;\"><strong>CARACT\u00c9RISTIQUES DE L'OLIVIER MANZANILLA SEVILLANA<\/strong><\/span><\/h2>\t\t\t\t\t\t<\/div>\n\t\t\t\t<\/div>\n\t\t\t\t\t<\/div>\n\t\t<\/div>\n\t\t\t\t\t<\/div>\n\t\t<\/section>\n\t\t\t\t<section class=\"elementor-section elementor-top-section elementor-element elementor-element-bf5e4e2 elementor-section-stretched elementor-section-boxed elementor-section-height-default elementor-section-height-default wd-section-disabled\" data-id=\"bf5e4e2\" data-element_type=\"section\" data-settings=\"{&quot;stretch_section&quot;:&quot;section-stretched&quot;,&quot;background_background&quot;:&quot;classic&quot;}\">\n\t\t\t\t\t\t<div class=\"elementor-container elementor-column-gap-default\">\n\t\t\t\t\t<div class=\"elementor-column elementor-col-100 elementor-top-column elementor-element elementor-element-fa14bda\" data-id=\"fa14bda\" data-element_type=\"column\">\n\t\t\t<div class=\"elementor-widget-wrap elementor-element-populated\">\n\t\t\t\t\t\t<div class=\"elementor-element elementor-element-056f348 color-scheme-inherit text-left elementor-widget elementor-widget-text-editor\" data-id=\"056f348\" data-element_type=\"widget\" data-widget_type=\"text-editor.default\">\n\t\t\t\t<div class=\"elementor-widget-container\">\n\t\t\t\t\t\t\t<p><strong>L'olive manzanilla <\/strong>L'arbre se distingue par ses bonnes caract\u00e9ristiques pour les olives de table. Il supporte bien le processus d'\u00e9dulcoration \u00e0 la soude caustique.<\/p><ul><li>La productivit\u00e9 dans la vari\u00e9t\u00e9 d'olivier <strong>camomille<\/strong> est de haute production.<\/li><li><strong>Floraison<\/strong>Cet olivier a une p\u00e9riode de floraison moyenne. Le pollen est de tr\u00e8s bonne qualit\u00e9. En Espagne, il n'est pas n\u00e9cessaire d'utiliser des pollinisateurs.<\/li><li><strong>Feuilles<\/strong>Ses feuilles sont de forme elliptique et de taille moyenne.<\/li><\/ul><p><strong>Ces olives sont obtenues<\/strong> des fruits de l'olivier, r\u00e9colt\u00e9s pendant le cycle de maturation, avant la v\u00e9raison et lorsqu'ils ont atteint une taille normale qui facilite leur r\u00e9colte. Les olives Manzanilla de S\u00e9ville sont normalement assaisonn\u00e9es en saumure par fermentation lactique naturelle. C'est dans la province de S\u00e9ville que l'on trouve la meilleure qualit\u00e9 de cette sp\u00e9cialit\u00e9, en raison du mode de r\u00e9colte.<\/p><p><strong>Le syst\u00e8me traditionnel connu sous le nom de<\/strong> la traite permet de ne pas ab\u00eemer les fruits. Elle permet d'\u00e9viter le transport vers des zones \u00e9loign\u00e9es et de r\u00e9duire le temps de r\u00e9colte des fruits.<\/p>\t\t\t\t\t\t<\/div>\n\t\t\t\t<\/div>\n\t\t\t\t\t<\/div>\n\t\t<\/div>\n\t\t\t\t\t<\/div>\n\t\t<\/section>\n\t\t\t\t<section class=\"elementor-section elementor-top-section elementor-element elementor-element-904d562 elementor-section-boxed elementor-section-height-default elementor-section-height-default wd-section-disabled\" data-id=\"904d562\" data-element_type=\"section\">\n\t\t\t\t\t\t<div class=\"elementor-container elementor-column-gap-default\">\n\t\t\t\t\t<div class=\"elementor-column elementor-col-50 elementor-top-column elementor-element elementor-element-9db9a3b\" data-id=\"9db9a3b\" data-element_type=\"column\">\n\t\t\t<div class=\"elementor-widget-wrap elementor-element-populated\">\n\t\t\t\t\t\t<div class=\"elementor-element elementor-element-c6f5e3a elementor-widget elementor-widget-spacer\" data-id=\"c6f5e3a\" data-element_type=\"widget\" data-widget_type=\"spacer.default\">\n\t\t\t\t<div class=\"elementor-widget-container\">\n\t\t\t\t\t<div class=\"elementor-spacer\">\n\t\t\t<div class=\"elementor-spacer-inner\"><\/div>\n\t\t<\/div>\n\t\t\t\t<\/div>\n\t\t\t\t<\/div>\n\t\t\t\t<div class=\"elementor-element elementor-element-85d971c color-scheme-inherit text-left elementor-widget elementor-widget-text-editor\" data-id=\"85d971c\" data-element_type=\"widget\" data-widget_type=\"text-editor.default\">\n\t\t\t\t<div class=\"elementor-widget-container\">\n\t\t\t\t\t\t\t<h2><strong>SABR\u00cdAS SABR\u00cdAS REALMENTPOUVEZ-VOUS VRAIMENT FAIRE LA DIFF\u00c9RENCE ENTRE UNE OLIVE MANZANILLA SEVILLANA ET UNE AUTRE VARI\u00c9T\u00c9 ?<\/strong><\/h2><p><strong>Olives Manzanilla Sevilla<\/strong> se caract\u00e9risent par leur couleur jaune paille. Sa texture est ferme et lisse, ce qui signifie qu'elle n'est pas aussi douce en bouche que d'autres olives.<\/p><p>Le COI (Conseil ol\u00e9icole international) loue les excellentes qualit\u00e9s de ces olives. Elle se distingue par sa taille et sa forme, ainsi que par la relation harmonieuse entre la chair et le noyau. Elle pr\u00e9sente une proportion notable de chair par rapport au noyau, ce qui signifie que le noyau n'est pas trop proche et qu'il se s\u00e9pare facilement. Sa teneur en huile est mod\u00e9r\u00e9e, sans pour autant prendre de l'importance, comme c'est le cas pour le verdial. Toutes ces caract\u00e9ristiques font de l'olive Manzanilla la pr\u00e9f\u00e9r\u00e9e de nombreux consommateurs.<\/p>\t\t\t\t\t\t<\/div>\n\t\t\t\t<\/div>\n\t\t\t\t\t<\/div>\n\t\t<\/div>\n\t\t\t\t<div class=\"elementor-column elementor-col-50 elementor-top-column elementor-element elementor-element-c08ade5\" data-id=\"c08ade5\" data-element_type=\"column\">\n\t\t\t<div class=\"elementor-widget-wrap elementor-element-populated\">\n\t\t\t\t\t\t<div class=\"elementor-element elementor-element-aa32370 elementor-hidden-tablet elementor-hidden-mobile elementor-widget elementor-widget-spacer\" data-id=\"aa32370\" data-element_type=\"widget\" data-widget_type=\"spacer.default\">\n\t\t\t\t<div class=\"elementor-widget-container\">\n\t\t\t\t\t<div class=\"elementor-spacer\">\n\t\t\t<div class=\"elementor-spacer-inner\"><\/div>\n\t\t<\/div>\n\t\t\t\t<\/div>\n\t\t\t\t<\/div>\n\t\t\t\t<div class=\"elementor-element elementor-element-8a56745 elementor-hidden-desktop elementor-hidden-mobile elementor-widget elementor-widget-spacer\" data-id=\"8a56745\" data-element_type=\"widget\" data-widget_type=\"spacer.default\">\n\t\t\t\t<div class=\"elementor-widget-container\">\n\t\t\t\t\t<div class=\"elementor-spacer\">\n\t\t\t<div class=\"elementor-spacer-inner\"><\/div>\n\t\t<\/div>\n\t\t\t\t<\/div>\n\t\t\t\t<\/div>\n\t\t\t\t<div class=\"elementor-element elementor-element-ad214cc elementor-widget elementor-widget-image\" data-id=\"ad214cc\" data-element_type=\"widget\" data-widget_type=\"image.default\">\n\t\t\t\t<div class=\"elementor-widget-container\">\n\t\t\t\t\t\t\t\t\t\t\t\t\t<img decoding=\"async\" width=\"400\" height=\"400\" src=\"https:\/\/escamilla.es\/wp-content\/uploads\/2019\/06\/aceituna-sevillana.png\" class=\"attachment-large size-large wp-image-10582\" alt=\"aceitunas Manzanilla sevillana\" srcset=\"https:\/\/escamilla.es\/wp-content\/uploads\/2019\/06\/aceituna-sevillana.png 400w, https:\/\/escamilla.es\/wp-content\/uploads\/2019\/06\/aceituna-sevillana-300x300.png 300w, https:\/\/escamilla.es\/wp-content\/uploads\/2019\/06\/aceituna-sevillana-150x150.png 150w\" sizes=\"(max-width: 400px) 100vw, 400px\" \/>\t\t\t\t\t\t\t\t\t\t\t\t\t<\/div>\n\t\t\t\t<\/div>\n\t\t\t\t\t<\/div>\n\t\t<\/div>\n\t\t\t\t\t<\/div>\n\t\t<\/section>\n\t\t\t\t<\/div>","protected":false},"excerpt":{"rendered":"<p>Aceitunas Escamilla se consacre \u00e0 la production, au conditionnement et \u00e0 l'emballage d'olives manzanilla s\u00e9villanes depuis 1950. La manzanilla sevillana et la manzanilla<\/p>","protected":false},"author":3,"featured_media":10285,"comment_status":"open","ping_status":"open","sticky":false,"template":"elementor_theme","format":"standard","meta":{"footnotes":""},"categories":[98,71],"tags":[],"class_list":["post-11439","post","type-post","status-publish","format-standard","has-post-thumbnail","hentry","category-blog","category-uncategorized"],"yoast_head":"<!-- This site is optimized with the Yoast SEO plugin v23.4 - https:\/\/yoast.com\/wordpress\/plugins\/seo\/ -->\n<title>SEVILLIAN MANZANILLA OLIVES | Escamilla<\/title>\n<meta name=\"description\" content=\"At Aceitunas Escamilla, we have been dedicated to the production, dressing and packaging of manzanilla olives from Seville since 1950.\" \/>\n<meta name=\"robots\" content=\"index, follow, max-snippet:-1, max-image-preview:large, max-video-preview:-1\" \/>\n<link rel=\"canonical\" href=\"https:\/\/escamilla.es\/fr\/sevillian-mancanilla-olives\/\" \/>\n<meta property=\"og:locale\" content=\"fr_FR\" \/>\n<meta property=\"og:type\" content=\"article\" \/>\n<meta property=\"og:title\" content=\"SEVILLIAN MANZANILLA OLIVES | Escamilla\" \/>\n<meta property=\"og:description\" content=\"At Aceitunas Escamilla, we have been dedicated to the production, dressing and packaging of manzanilla olives from Seville since 1950.\" \/>\n<meta property=\"og:url\" content=\"https:\/\/escamilla.es\/fr\/sevillian-mancanilla-olives\/\" \/>\n<meta property=\"og:site_name\" content=\"Escamilla\" \/>\n<meta property=\"article:published_time\" content=\"2022-04-13T09:06:00+00:00\" \/>\n<meta property=\"article:modified_time\" content=\"2022-06-13T07:09:49+00:00\" \/>\n<meta property=\"og:image\" content=\"https:\/\/i0.wp.com\/escamilla.es\/wp-content\/uploads\/2022\/04\/manzanilla-_1_-sinfondo-removebg-preview.png?fit=570%2C373&ssl=1\" \/>\n\t<meta property=\"og:image:width\" content=\"570\" \/>\n\t<meta property=\"og:image:height\" content=\"373\" \/>\n\t<meta property=\"og:image:type\" content=\"image\/png\" \/>\n<meta name=\"author\" content=\"@comunicacion\" \/>\n<meta name=\"twitter:card\" content=\"summary_large_image\" \/>\n<meta name=\"twitter:label1\" content=\"\u00c9crit par\" \/>\n\t<meta name=\"twitter:data1\" content=\"@comunicacion\" \/>\n\t<meta name=\"twitter:label2\" content=\"Dur\u00e9e de lecture estim\u00e9e\" \/>\n\t<meta name=\"twitter:data2\" content=\"3 minutes\" \/>\n<script type=\"application\/ld+json\" class=\"yoast-schema-graph\">{\"@context\":\"https:\/\/schema.org\",\"@graph\":[{\"@type\":\"Article\",\"@id\":\"https:\/\/escamilla.es\/sevillian-mancanilla-olives\/#article\",\"isPartOf\":{\"@id\":\"https:\/\/escamilla.es\/sevillian-mancanilla-olives\/\"},\"author\":{\"name\":\"@comunicacion\",\"@id\":\"https:\/\/escamilla.es\/es_es\/#\/schema\/person\/932dd29ad2e73a7fb3ff7e1f54703427\"},\"headline\":\"SEVILLIAN MANZANILLA OLIVES\",\"datePublished\":\"2022-04-13T09:06:00+00:00\",\"dateModified\":\"2022-06-13T07:09:49+00:00\",\"mainEntityOfPage\":{\"@id\":\"https:\/\/escamilla.es\/sevillian-mancanilla-olives\/\"},\"wordCount\":440,\"commentCount\":0,\"publisher\":{\"@id\":\"https:\/\/escamilla.es\/es_es\/#organization\"},\"image\":{\"@id\":\"https:\/\/escamilla.es\/sevillian-mancanilla-olives\/#primaryimage\"},\"thumbnailUrl\":\"https:\/\/escamilla.es\/wp-content\/uploads\/2022\/04\/manzanilla-_1_-sinfondo-removebg-preview.png\",\"articleSection\":[\"Blog\",\"Uncategorized\"],\"inLanguage\":\"fr-FR\",\"potentialAction\":[{\"@type\":\"CommentAction\",\"name\":\"Comment\",\"target\":[\"https:\/\/escamilla.es\/sevillian-mancanilla-olives\/#respond\"]}]},{\"@type\":\"WebPage\",\"@id\":\"https:\/\/escamilla.es\/sevillian-mancanilla-olives\/\",\"url\":\"https:\/\/escamilla.es\/sevillian-mancanilla-olives\/\",\"name\":\"SEVILLIAN MANZANILLA OLIVES | Escamilla\",\"isPartOf\":{\"@id\":\"https:\/\/escamilla.es\/es_es\/#website\"},\"primaryImageOfPage\":{\"@id\":\"https:\/\/escamilla.es\/sevillian-mancanilla-olives\/#primaryimage\"},\"image\":{\"@id\":\"https:\/\/escamilla.es\/sevillian-mancanilla-olives\/#primaryimage\"},\"thumbnailUrl\":\"https:\/\/escamilla.es\/wp-content\/uploads\/2022\/04\/manzanilla-_1_-sinfondo-removebg-preview.png\",\"datePublished\":\"2022-04-13T09:06:00+00:00\",\"dateModified\":\"2022-06-13T07:09:49+00:00\",\"description\":\"At Aceitunas Escamilla, we have been dedicated to the production, dressing and packaging of manzanilla olives from Seville since 1950.\",\"breadcrumb\":{\"@id\":\"https:\/\/escamilla.es\/sevillian-mancanilla-olives\/#breadcrumb\"},\"inLanguage\":\"fr-FR\",\"potentialAction\":[{\"@type\":\"ReadAction\",\"target\":[\"https:\/\/escamilla.es\/sevillian-mancanilla-olives\/\"]}]},{\"@type\":\"ImageObject\",\"inLanguage\":\"fr-FR\",\"@id\":\"https:\/\/escamilla.es\/sevillian-mancanilla-olives\/#primaryimage\",\"url\":\"https:\/\/escamilla.es\/wp-content\/uploads\/2022\/04\/manzanilla-_1_-sinfondo-removebg-preview.png\",\"contentUrl\":\"https:\/\/escamilla.es\/wp-content\/uploads\/2022\/04\/manzanilla-_1_-sinfondo-removebg-preview.png\",\"width\":570,\"height\":373},{\"@type\":\"BreadcrumbList\",\"@id\":\"https:\/\/escamilla.es\/sevillian-mancanilla-olives\/#breadcrumb\",\"itemListElement\":[{\"@type\":\"ListItem\",\"position\":1,\"name\":\"Portada\",\"item\":\"https:\/\/escamilla.es\/es_es\/\"},{\"@type\":\"ListItem\",\"position\":2,\"name\":\"Blog\",\"item\":\"https:\/\/escamilla.es\/es_es\/category\/blog\/\"},{\"@type\":\"ListItem\",\"position\":3,\"name\":\"SEVILLIAN MANZANILLA OLIVES\"}]},{\"@type\":\"WebSite\",\"@id\":\"https:\/\/escamilla.es\/es_es\/#website\",\"url\":\"https:\/\/escamilla.es\/es_es\/\",\"name\":\"Escamilla\",\"description\":\"\",\"publisher\":{\"@id\":\"https:\/\/escamilla.es\/es_es\/#organization\"},\"potentialAction\":[{\"@type\":\"SearchAction\",\"target\":{\"@type\":\"EntryPoint\",\"urlTemplate\":\"https:\/\/escamilla.es\/es_es\/?s={search_term_string}\"},\"query-input\":{\"@type\":\"PropertyValueSpecification\",\"valueRequired\":true,\"valueName\":\"search_term_string\"}}],\"inLanguage\":\"fr-FR\"},{\"@type\":\"Organization\",\"@id\":\"https:\/\/escamilla.es\/es_es\/#organization\",\"name\":\"Escamilla\",\"url\":\"https:\/\/escamilla.es\/es_es\/\",\"logo\":{\"@type\":\"ImageObject\",\"inLanguage\":\"fr-FR\",\"@id\":\"https:\/\/escamilla.es\/es_es\/#\/schema\/logo\/image\/\",\"url\":\"https:\/\/escamilla.es\/wp-content\/uploads\/2022\/03\/admin-ajax.jpg\",\"contentUrl\":\"https:\/\/escamilla.es\/wp-content\/uploads\/2022\/03\/admin-ajax.jpg\",\"width\":100,\"height\":26,\"caption\":\"Escamilla\"},\"image\":{\"@id\":\"https:\/\/escamilla.es\/es_es\/#\/schema\/logo\/image\/\"}},{\"@type\":\"Person\",\"@id\":\"https:\/\/escamilla.es\/es_es\/#\/schema\/person\/932dd29ad2e73a7fb3ff7e1f54703427\",\"name\":\"@comunicacion\",\"image\":{\"@type\":\"ImageObject\",\"inLanguage\":\"fr-FR\",\"@id\":\"https:\/\/escamilla.es\/es_es\/#\/schema\/person\/image\/\",\"url\":\"https:\/\/secure.gravatar.com\/avatar\/ebadfa83ab6587f88f54c6ae1178c52cc00e3c78ca96964e9128923dec7876b4?s=96&d=mm&r=g\",\"contentUrl\":\"https:\/\/secure.gravatar.com\/avatar\/ebadfa83ab6587f88f54c6ae1178c52cc00e3c78ca96964e9128923dec7876b4?s=96&d=mm&r=g\",\"caption\":\"@comunicacion\"},\"url\":\"https:\/\/escamilla.es\/fr\/author\/comunicacion\/\"}]}<\/script>\n<!-- \/ Yoast SEO plugin. -->","yoast_head_json":{"title":"SEVILLIAN MANZANILLA OLIVES | Escamilla","description":"At Aceitunas Escamilla, we have been dedicated to the production, dressing and packaging of manzanilla olives from Seville since 1950.","robots":{"index":"index","follow":"follow","max-snippet":"max-snippet:-1","max-image-preview":"max-image-preview:large","max-video-preview":"max-video-preview:-1"},"canonical":"https:\/\/escamilla.es\/fr\/sevillian-mancanilla-olives\/","og_locale":"fr_FR","og_type":"article","og_title":"SEVILLIAN MANZANILLA OLIVES | Escamilla","og_description":"At Aceitunas Escamilla, we have been dedicated to the production, dressing and packaging of manzanilla olives from Seville since 1950.","og_url":"https:\/\/escamilla.es\/fr\/sevillian-mancanilla-olives\/","og_site_name":"Escamilla","article_published_time":"2022-04-13T09:06:00+00:00","article_modified_time":"2022-06-13T07:09:49+00:00","og_image":[{"width":570,"height":373,"url":"https:\/\/i0.wp.com\/escamilla.es\/wp-content\/uploads\/2022\/04\/manzanilla-_1_-sinfondo-removebg-preview.png?fit=570%2C373&ssl=1","type":"image\/png"}],"author":"@comunicacion","twitter_card":"summary_large_image","twitter_misc":{"\u00c9crit par":"@comunicacion","Dur\u00e9e de lecture estim\u00e9e":"3 minutes"},"schema":{"@context":"https:\/\/schema.org","@graph":[{"@type":"Article","@id":"https:\/\/escamilla.es\/sevillian-mancanilla-olives\/#article","isPartOf":{"@id":"https:\/\/escamilla.es\/sevillian-mancanilla-olives\/"},"author":{"name":"@comunicacion","@id":"https:\/\/escamilla.es\/es_es\/#\/schema\/person\/932dd29ad2e73a7fb3ff7e1f54703427"},"headline":"SEVILLIAN MANZANILLA OLIVES","datePublished":"2022-04-13T09:06:00+00:00","dateModified":"2022-06-13T07:09:49+00:00","mainEntityOfPage":{"@id":"https:\/\/escamilla.es\/sevillian-mancanilla-olives\/"},"wordCount":440,"commentCount":0,"publisher":{"@id":"https:\/\/escamilla.es\/es_es\/#organization"},"image":{"@id":"https:\/\/escamilla.es\/sevillian-mancanilla-olives\/#primaryimage"},"thumbnailUrl":"https:\/\/escamilla.es\/wp-content\/uploads\/2022\/04\/manzanilla-_1_-sinfondo-removebg-preview.png","articleSection":["Blog","Uncategorized"],"inLanguage":"fr-FR","potentialAction":[{"@type":"CommentAction","name":"Comment","target":["https:\/\/escamilla.es\/sevillian-mancanilla-olives\/#respond"]}]},{"@type":"WebPage","@id":"https:\/\/escamilla.es\/sevillian-mancanilla-olives\/","url":"https:\/\/escamilla.es\/sevillian-mancanilla-olives\/","name":"SEVILLIAN MANZANILLA OLIVES | Escamilla","isPartOf":{"@id":"https:\/\/escamilla.es\/es_es\/#website"},"primaryImageOfPage":{"@id":"https:\/\/escamilla.es\/sevillian-mancanilla-olives\/#primaryimage"},"image":{"@id":"https:\/\/escamilla.es\/sevillian-mancanilla-olives\/#primaryimage"},"thumbnailUrl":"https:\/\/escamilla.es\/wp-content\/uploads\/2022\/04\/manzanilla-_1_-sinfondo-removebg-preview.png","datePublished":"2022-04-13T09:06:00+00:00","dateModified":"2022-06-13T07:09:49+00:00","description":"At Aceitunas Escamilla, we have been dedicated to the production, dressing and packaging of manzanilla olives from Seville since 1950.","breadcrumb":{"@id":"https:\/\/escamilla.es\/sevillian-mancanilla-olives\/#breadcrumb"},"inLanguage":"fr-FR","potentialAction":[{"@type":"ReadAction","target":["https:\/\/escamilla.es\/sevillian-mancanilla-olives\/"]}]},{"@type":"ImageObject","inLanguage":"fr-FR","@id":"https:\/\/escamilla.es\/sevillian-mancanilla-olives\/#primaryimage","url":"https:\/\/escamilla.es\/wp-content\/uploads\/2022\/04\/manzanilla-_1_-sinfondo-removebg-preview.png","contentUrl":"https:\/\/escamilla.es\/wp-content\/uploads\/2022\/04\/manzanilla-_1_-sinfondo-removebg-preview.png","width":570,"height":373},{"@type":"BreadcrumbList","@id":"https:\/\/escamilla.es\/sevillian-mancanilla-olives\/#breadcrumb","itemListElement":[{"@type":"ListItem","position":1,"name":"Portada","item":"https:\/\/escamilla.es\/es_es\/"},{"@type":"ListItem","position":2,"name":"Blog","item":"https:\/\/escamilla.es\/es_es\/category\/blog\/"},{"@type":"ListItem","position":3,"name":"SEVILLIAN MANZANILLA OLIVES"}]},{"@type":"WebSite","@id":"https:\/\/escamilla.es\/es_es\/#website","url":"https:\/\/escamilla.es\/es_es\/","name":"Escamilla","description":"","publisher":{"@id":"https:\/\/escamilla.es\/es_es\/#organization"},"potentialAction":[{"@type":"SearchAction","target":{"@type":"EntryPoint","urlTemplate":"https:\/\/escamilla.es\/es_es\/?s={search_term_string}"},"query-input":{"@type":"PropertyValueSpecification","valueRequired":true,"valueName":"search_term_string"}}],"inLanguage":"fr-FR"},{"@type":"Organization","@id":"https:\/\/escamilla.es\/es_es\/#organization","name":"Escamilla","url":"https:\/\/escamilla.es\/es_es\/","logo":{"@type":"ImageObject","inLanguage":"fr-FR","@id":"https:\/\/escamilla.es\/es_es\/#\/schema\/logo\/image\/","url":"https:\/\/escamilla.es\/wp-content\/uploads\/2022\/03\/admin-ajax.jpg","contentUrl":"https:\/\/escamilla.es\/wp-content\/uploads\/2022\/03\/admin-ajax.jpg","width":100,"height":26,"caption":"Escamilla"},"image":{"@id":"https:\/\/escamilla.es\/es_es\/#\/schema\/logo\/image\/"}},{"@type":"Person","@id":"https:\/\/escamilla.es\/es_es\/#\/schema\/person\/932dd29ad2e73a7fb3ff7e1f54703427","name":"@comunicacion","image":{"@type":"ImageObject","inLanguage":"fr-FR","@id":"https:\/\/escamilla.es\/es_es\/#\/schema\/person\/image\/","url":"https:\/\/secure.gravatar.com\/avatar\/ebadfa83ab6587f88f54c6ae1178c52cc00e3c78ca96964e9128923dec7876b4?s=96&d=mm&r=g","contentUrl":"https:\/\/secure.gravatar.com\/avatar\/ebadfa83ab6587f88f54c6ae1178c52cc00e3c78ca96964e9128923dec7876b4?s=96&d=mm&r=g","caption":"@comunicacion"},"url":"https:\/\/escamilla.es\/fr\/author\/comunicacion\/"}]}},"jetpack_featured_media_url":"https:\/\/escamilla.es\/wp-content\/uploads\/2022\/04\/manzanilla-_1_-sinfondo-removebg-preview.png","_links":{"self":[{"href":"https:\/\/escamilla.es\/fr\/wp-json\/wp\/v2\/posts\/11439","targetHints":{"allow":["GET"]}}],"collection":[{"href":"https:\/\/escamilla.es\/fr\/wp-json\/wp\/v2\/posts"}],"about":[{"href":"https:\/\/escamilla.es\/fr\/wp-json\/wp\/v2\/types\/post"}],"author":[{"embeddable":true,"href":"https:\/\/escamilla.es\/fr\/wp-json\/wp\/v2\/users\/3"}],"replies":[{"embeddable":true,"href":"https:\/\/escamilla.es\/fr\/wp-json\/wp\/v2\/comments?post=11439"}],"version-history":[{"count":11,"href":"https:\/\/escamilla.es\/fr\/wp-json\/wp\/v2\/posts\/11439\/revisions"}],"predecessor-version":[{"id":11450,"href":"https:\/\/escamilla.es\/fr\/wp-json\/wp\/v2\/posts\/11439\/revisions\/11450"}],"wp:featuredmedia":[{"embeddable":true,"href":"https:\/\/escamilla.es\/fr\/wp-json\/wp\/v2\/media\/10285"}],"wp:attachment":[{"href":"https:\/\/escamilla.es\/fr\/wp-json\/wp\/v2\/media?parent=11439"}],"wp:term":[{"taxonomy":"category","embeddable":true,"href":"https:\/\/escamilla.es\/fr\/wp-json\/wp\/v2\/categories?post=11439"},{"taxonomy":"post_tag","embeddable":true,"href":"https:\/\/escamilla.es\/fr\/wp-json\/wp\/v2\/tags?post=11439"}],"curies":[{"name":"wp","href":"https:\/\/api.w.org\/{rel}","templated":true}]}}